{"id":2879,"date":"2024-07-15T13:36:50","date_gmt":"2024-07-15T11:36:50","guid":{"rendered":"https:\/\/kornlebars.fr\/?p=2879"},"modified":"2025-05-27T19:14:58","modified_gmt":"2025-05-27T17:14:58","slug":"poeme-1-1-leveil-du-miracle","status":"publish","type":"post","link":"https:\/\/kornlebars.fr\/index.php\/2024\/07\/15\/poeme-1-1-leveil-du-miracle\/","title":{"rendered":"Po\u00e8me 1.1 : L\u2019\u00e9veil du miracle."},"content":{"rendered":"\t\t<div data-elementor-type=\"wp-post\" data-elementor-id=\"2879\" class=\"elementor elementor-2879\">\n\t\t\t\t<div class=\"elementor-element elementor-element-498cd35 e-flex e-con-boxed e-con e-parent\" data-id=\"498cd35\" data-element_type=\"container\" data-settings=\"{&quot;content_width&quot;:&quot;boxed&quot;}\" data-core-v316-plus=\"true\">\n\t\t\t\t\t<div class=\"e-con-inner\">\n\t\t\t\t<div class=\"elementor-element elementor-element-52b0d8c elementor-widget elementor-widget-heading\" data-id=\"52b0d8c\" data-element_type=\"widget\" data-widget_type=\"heading.default\">\n\t\t\t\t<div class=\"elementor-widget-container\">\n\t\t\t<style>\/*! elementor - v3.19.0 - 07-02-2024 *\/\n.elementor-heading-title{padding:0;margin:0;line-height:1}.elementor-widget-heading .elementor-heading-title[class*=elementor-size-]>a{color:inherit;font-size:inherit;line-height:inherit}.elementor-widget-heading .elementor-heading-title.elementor-size-small{font-size:15px}.elementor-widget-heading .elementor-heading-title.elementor-size-medium{font-size:19px}.elementor-widget-heading .elementor-heading-title.elementor-size-large{font-size:29px}.elementor-widget-heading .elementor-heading-title.elementor-size-xl{font-size:39px}.elementor-widget-heading .elementor-heading-title.elementor-size-xxl{font-size:59px}<\/style><h1 class=\"elementor-heading-title elementor-size-default\">Po\u00e8me 1 : L\u2019\u00e9veil du miracle.<\/h1>\t\t<\/div>\n\t\t\t\t<\/div>\n\t\t\t\t<div class=\"elementor-element elementor-element-4d385d7 elementor-widget-divider--view-line_text elementor-widget-divider--element-align-center elementor-widget elementor-widget-divider\" data-id=\"4d385d7\" data-element_type=\"widget\" data-widget_type=\"divider.default\">\n\t\t\t\t<div class=\"elementor-widget-container\">\n\t\t\t<style>\/*! elementor - v3.19.0 - 07-02-2024 *\/\n.elementor-widget-divider{--divider-border-style:none;--divider-border-width:1px;--divider-color:#0c0d0e;--divider-icon-size:20px;--divider-element-spacing:10px;--divider-pattern-height:24px;--divider-pattern-size:20px;--divider-pattern-url:none;--divider-pattern-repeat:repeat-x}.elementor-widget-divider .elementor-divider{display:flex}.elementor-widget-divider .elementor-divider__text{font-size:15px;line-height:1;max-width:95%}.elementor-widget-divider .elementor-divider__element{margin:0 var(--divider-element-spacing);flex-shrink:0}.elementor-widget-divider .elementor-icon{font-size:var(--divider-icon-size)}.elementor-widget-divider .elementor-divider-separator{display:flex;margin:0;direction:ltr}.elementor-widget-divider--view-line_icon .elementor-divider-separator,.elementor-widget-divider--view-line_text .elementor-divider-separator{align-items:center}.elementor-widget-divider--view-line_icon .elementor-divider-separator:after,.elementor-widget-divider--view-line_icon .elementor-divider-separator:before,.elementor-widget-divider--view-line_text .elementor-divider-separator:after,.elementor-widget-divider--view-line_text .elementor-divider-separator:before{display:block;content:\"\";border-block-end:0;flex-grow:1;border-block-start:var(--divider-border-width) var(--divider-border-style) var(--divider-color)}.elementor-widget-divider--element-align-left .elementor-divider .elementor-divider-separator>.elementor-divider__svg:first-of-type{flex-grow:0;flex-shrink:100}.elementor-widget-divider--element-align-left .elementor-divider-separator:before{content:none}.elementor-widget-divider--element-align-left .elementor-divider__element{margin-left:0}.elementor-widget-divider--element-align-right .elementor-divider .elementor-divider-separator>.elementor-divider__svg:last-of-type{flex-grow:0;flex-shrink:100}.elementor-widget-divider--element-align-right .elementor-divider-separator:after{content:none}.elementor-widget-divider--element-align-right .elementor-divider__element{margin-right:0}.elementor-widget-divider--element-align-start .elementor-divider .elementor-divider-separator>.elementor-divider__svg:first-of-type{flex-grow:0;flex-shrink:100}.elementor-widget-divider--element-align-start .elementor-divider-separator:before{content:none}.elementor-widget-divider--element-align-start .elementor-divider__element{margin-inline-start:0}.elementor-widget-divider--element-align-end .elementor-divider .elementor-divider-separator>.elementor-divider__svg:last-of-type{flex-grow:0;flex-shrink:100}.elementor-widget-divider--element-align-end .elementor-divider-separator:after{content:none}.elementor-widget-divider--element-align-end .elementor-divider__element{margin-inline-end:0}.elementor-widget-divider:not(.elementor-widget-divider--view-line_text):not(.elementor-widget-divider--view-line_icon) .elementor-divider-separator{border-block-start:var(--divider-border-width) var(--divider-border-style) var(--divider-color)}.elementor-widget-divider--separator-type-pattern{--divider-border-style:none}.elementor-widget-divider--separator-type-pattern.elementor-widget-divider--view-line .elementor-divider-separator,.elementor-widget-divider--separator-type-pattern:not(.elementor-widget-divider--view-line) .elementor-divider-separator:after,.elementor-widget-divider--separator-type-pattern:not(.elementor-widget-divider--view-line) .elementor-divider-separator:before,.elementor-widget-divider--separator-type-pattern:not([class*=elementor-widget-divider--view]) .elementor-divider-separator{width:100%;min-height:var(--divider-pattern-height);-webkit-mask-size:var(--divider-pattern-size) 100%;mask-size:var(--divider-pattern-size) 100%;-webkit-mask-repeat:var(--divider-pattern-repeat);mask-repeat:var(--divider-pattern-repeat);background-color:var(--divider-color);-webkit-mask-image:var(--divider-pattern-url);mask-image:var(--divider-pattern-url)}.elementor-widget-divider--no-spacing{--divider-pattern-size:auto}.elementor-widget-divider--bg-round{--divider-pattern-repeat:round}.rtl .elementor-widget-divider .elementor-divider__text{direction:rtl}.e-con-inner>.elementor-widget-divider,.e-con>.elementor-widget-divider{width:var(--container-widget-width,100%);--flex-grow:var(--container-widget-flex-grow)}<\/style>\t\t<div class=\"elementor-divider\">\n\t\t\t<span class=\"elementor-divider-separator\">\n\t\t\t\t\t\t\t<h2 class=\"elementor-divider__text elementor-divider__element\">\n\t\t\t\tPo\u00e8me 1\t\t\t\t<\/h2>\n\t\t\t\t\t\t<\/span>\n\t\t<\/div>\n\t\t\t\t<\/div>\n\t\t\t\t<\/div>\n\t\t\t\t<div class=\"elementor-element elementor-element-ce86d8d elementor-widget__width-inherit elementor-widget elementor-widget-text-editor\" data-id=\"ce86d8d\" data-element_type=\"widget\" data-widget_type=\"text-editor.default\">\n\t\t\t\t<div class=\"elementor-widget-container\">\n\t\t\t<style>\/*! elementor - v3.19.0 - 07-02-2024 *\/\n.elementor-widget-text-editor.elementor-drop-cap-view-stacked .elementor-drop-cap{background-color:#69727d;color:#fff}.elementor-widget-text-editor.elementor-drop-cap-view-framed .elementor-drop-cap{color:#69727d;border:3px solid;background-color:transparent}.elementor-widget-text-editor:not(.elementor-drop-cap-view-default) .elementor-drop-cap{margin-top:8px}.elementor-widget-text-editor:not(.elementor-drop-cap-view-default) .elementor-drop-cap-letter{width:1em;height:1em}.elementor-widget-text-editor .elementor-drop-cap{float:left;text-align:center;line-height:1;font-size:50px}.elementor-widget-text-editor .elementor-drop-cap-letter{display:inline-block}<\/style>\t\t\t\t<p>Les r\u00eaves se sont effondr\u00e9s et \u00e9veill\u00e9s,<br \/>Car la libert\u00e9 nous a sauv\u00e9s.<br \/>Ils courent \u00e0 travers l\u2019ombre et la lumi\u00e8re.<br \/>Les vers ont \u00e9t\u00e9 \u00e9crits sans danger.<\/p><p>\u00a0<\/p><p>Oh \u00e9tendue de la raison\u00a0! Clam\u00e8rent-ils des \u00e9loges qui se r\u00e9alis\u00e8rent dans un sens agr\u00e9able vers la<br \/>victoire de la beaut\u00e9\u00a0?<br \/>L\u2019\u0153uvre d\u2019art fut cr\u00e9\u00e9e, et la vie cr\u00e9a l\u2019\u0153uvre du reflet de sa clart\u00e9.<br \/>Une luisance nous \u00e9blouissait du haut du sommet de sa lumineuse colline.<\/p><p>\u00a0<\/p><p>De la sorte, l\u2019imagination resta secr\u00e8te pour pr\u00e9server sa richesse fertile.<br \/>Rattrap\u00e9s par l\u2019empreinte pr\u00e9sente des orages de feux surgissent dans le vent de la p\u00e9rip\u00e9tie<br \/>joyeuse.<\/p><p>\u00a0<\/p><p>Des oc\u00e9ans pourpres balancent des refrains de tonnerres, de gaiet\u00e9, et de sourire.<\/p><p>\u00a0<\/p><p>\u00d4 ! Fantaisie,<br \/>As-tu d\u00e9j\u00e0 pris le temps d\u2019apercevoir les reflets du chagrin de ton go\u00fbt\u00a0?<\/p><p>\u00a0<\/p><p>\u00d4 ! Sillon de la pl\u00e9nitude,<br \/>O\u00f9 sont pass\u00e9s les regards qui se propageaient dans ton \u00e9lixir d\u2019accoutumance\u00a0?<\/p><p>\u00a0<\/p><p>Les solutions pr\u00eateuses du probl\u00e8me se sont d\u00e9g\u00e9n\u00e9r\u00e9es dans la tranquillit\u00e9 de l\u2019assourdissement<br \/>d\u2019une musique anonyme qui s\u2019est enfin r\u00e9v\u00e9l\u00e9e dans l\u2019\u00e9clair du jour et de la nuit.<\/p><p>\u00a0<\/p><p>Sur le sol une goutte d\u2019eau a gliss\u00e9 contre la paroi humide d\u2019un chemin vertueux donnant sur<br \/>l\u2019horizon d\u2019un paysage sublime o\u00f9 l\u2019on aper\u00e7oit une autre plan\u00e8te.<\/p><p>\u00a0<\/p><p>Une plante f\u00e9conde a germ\u00e9 dans la nuit.<br \/>Des mers se sont ouvertes.<br \/>Quelques montagnes enneig\u00e9es se sont rabaiss\u00e9es.<br \/>Les for\u00eats ont \u00e9t\u00e9 trac\u00e9es par des routes de terre.<\/p><p>\u00a0<\/p><p>On nous a montr\u00e9 la direction qu\u2019il fallait poursuivre vers le chemin de la qu\u00eate.<br \/>L\u2019alphabet a cr\u00e9\u00e9 de nouvelles lettres pour communiquer,<br \/>Et les chiffres se sont transform\u00e9s en couleurs.<\/p><p>\u00a0<\/p><p>\u00ab\u00a0Je\u00a0\u00bb n\u2019est pas un autre; il est celui qui traverse la blessure comme la plupart de ceux qui vivent sans<br \/>se plaindre dans cet oc\u00e9an terrestre.<\/p><p>\u00a0<\/p><p>\u00ab\u00a0Je\u00a0\u00bb est celui qui continuera \u00e0 \u00e9crire la narration et la d\u00e9livrance d\u2019un r\u00e9cit sans fin en marge de<br \/>l\u2019\u00e9cole.<\/p><p>\u00a0<\/p><p>\u00ab\u00a0Je\u00a0\u00bb est le tout, mais une personne \u00e0 la fois qui s\u2019av\u00e8re \u00eatre le miroitement de notre personnalit\u00e9.<br \/>Elle est dissimul\u00e9e dans un temps imparfait d\u2019un futur ancr\u00e9 entre le pr\u00e9sent et une \u00e9poque<br \/>contemporaine incertaine.<br \/>Le temps n\u2019existe plus.<\/p>\t\t\t\t\t\t<\/div>\n\t\t\t\t<\/div>\n\t\t\t\t<div class=\"elementor-element elementor-element-299b3cf elementor-widget elementor-widget-text-editor\" data-id=\"299b3cf\" data-element_type=\"widget\" data-widget_type=\"text-editor.default\">\n\t\t\t\t<div class=\"elementor-widget-container\">\n\t\t\t\t\t\t\t<p><span style=\"vertical-align: inherit;\"><span style=\"vertical-align: inherit;\">\u00a9 Geoffroy Korn Le Bars. Tous droits r\u00e9serv\u00e9s. Ce po\u00e8me ne peut \u00eatre reproduit, distribu\u00e9, ou utilis\u00e9 de quelque mani\u00e8re que ce soit sans l&rsquo;autorisation \u00e9crite de l&rsquo;auteur.<\/span><\/span><\/p>\t\t\t\t\t\t<\/div>\n\t\t\t\t<\/div>\n\t\t\t\t\t<\/div>\n\t\t\t\t<\/div>\n\t\t<div class=\"elementor-element elementor-element-de54d0a e-flex e-con-boxed e-con e-parent\" data-id=\"de54d0a\" data-element_type=\"container\" data-settings=\"{&quot;content_width&quot;:&quot;boxed&quot;}\" data-core-v316-plus=\"true\">\n\t\t\t\t\t<div class=\"e-con-inner\">\n\t\t\t\t<div class=\"elementor-element elementor-element-ae2cfe3 lae-slider-arrow-shape-rounded-corners elementor-widget__width-initial lae-slider-arrow-placement-middle-center lae-slider-arrow-color-dark lae-slider-arrow-visibility-always elementor-widget elementor-widget-lae-posts-multislider\" data-id=\"ae2cfe3\" data-element_type=\"widget\" data-widget_type=\"lae-posts-multislider.default\">\n\t\t\t\t<div class=\"elementor-widget-container\">\n\t\t\t\r\n<div class=\"lae-posts-multislider-wrap\">\r\n    <div            id=\"lae-posts-multislider-ae2cfe3\"\r\n            class=\"lae-posts-multislider lae-container lae-posts-multislider-style-1\"\r\n            data-settings='{\"arrows\":true,\"dots\":false,\"autoplay\":false,\"autoplay_speed\":3000,\"animation_speed\":300,\"pause_on_hover\":true,\"adaptive_height\":false,\"display_columns\":3,\"scroll_columns\":3,\"tablet_width\":800,\"tablet_display_columns\":2,\"tablet_scroll_columns\":2,\"mobile_width\":480,\"mobile_display_columns\":1,\"mobile_scroll_columns\":1}'>\r\n<div class=\"lae-posts-multislider-item lae-align-middle-left\">\r\n\r\n    <article id=\"post-2879\"\r\n             class=\"lae-post-entry post-2879 post type-post status-publish format-standard has-post-thumbnail hentry category-leffondrement-du-futur category-poeme tag-ecrits entry\">\r\n\r\n        \r\n            \r\n            \r\n            \r\n            <div class=\"lae-post-overlay lae-post-featured-img-bg\"\r\n                 style=\"background-image: url(https:\/\/kornlebars.fr\/wp-content\/uploads\/2024\/07\/1.jpg); height: 100px;\">\r\n\r\n                \r\n                    <div class=\"lae-post-text-wrap\">\r\n\r\n                        <div class=\"lae-post-text\">\r\n\r\n                            \r\n                                <span class=\"lae-terms\"><a href=\"https:\/\/kornlebars.fr\/index.php\/tag\/ecrits\/\">\u00c9CRITS<\/a><\/span>\r\n                            \r\n                            \r\n                                <h3 class=\"lae-post-title\"><a href=\"https:\/\/kornlebars.fr\/index.php\/2024\/07\/15\/poeme-1-1-leveil-du-miracle\/\" title=\"Po\u00e8me 1.1 : L\u2019\u00e9veil du miracle.\" rel=\"bookmark\">Po\u00e8me 1.1 : L\u2019\u00e9veil du miracle.<\/a><\/h3>\r\n                            \r\n                            \r\n                                <div class=\"lae-post-meta\">\r\n\r\n                                    \r\n                                    \r\n                                    \r\n                                <\/div>\r\n\r\n                            \r\n                            <div class=\"lae-post-content\">\r\n\r\n                                \r\n                                \r\n                            <\/div>\r\n\r\n                        <\/div><!-- .lae-post-text -->\r\n\r\n                    <\/div>\r\n\r\n                \r\n            <\/div>\r\n\r\n        \r\n    <\/article><!-- .hentry -->\r\n\r\n<\/div><!-- .lae-posts-multislider-item -->\r\n\r\n\r\n\r\n<div class=\"lae-posts-multislider-item lae-align-middle-left\">\r\n\r\n    <article id=\"post-2894\"\r\n             class=\"lae-post-entry post-2894 post type-post status-publish format-standard has-post-thumbnail hentry category-leffondrement-du-futur category-poeme tag-ecrits entry\">\r\n\r\n        \r\n            \r\n            \r\n            \r\n            <div class=\"lae-post-overlay lae-post-featured-img-bg\"\r\n                 style=\"background-image: url(https:\/\/kornlebars.fr\/wp-content\/uploads\/2024\/07\/2.jpg); height: 100px;\">\r\n\r\n                \r\n                    <div class=\"lae-post-text-wrap\">\r\n\r\n                        <div class=\"lae-post-text\">\r\n\r\n                            \r\n                                <span class=\"lae-terms\"><a href=\"https:\/\/kornlebars.fr\/index.php\/tag\/ecrits\/\">\u00c9CRITS<\/a><\/span>\r\n                            \r\n                            \r\n                                <h3 class=\"lae-post-title\"><a href=\"https:\/\/kornlebars.fr\/index.php\/2024\/07\/15\/poeme-1-2-vers-un-autre-jour\/\" title=\"Po\u00e8me 1.2 : Vers un autre jour.\" rel=\"bookmark\">Po\u00e8me 1.2 : Vers un autre jour.<\/a><\/h3>\r\n                            \r\n                            \r\n                                <div class=\"lae-post-meta\">\r\n\r\n                                    \r\n                                    \r\n                                    \r\n                                <\/div>\r\n\r\n                            \r\n                            <div class=\"lae-post-content\">\r\n\r\n                                \r\n                                \r\n                            <\/div>\r\n\r\n                        <\/div><!-- .lae-post-text -->\r\n\r\n                    <\/div>\r\n\r\n                \r\n            <\/div>\r\n\r\n        \r\n    <\/article><!-- .hentry -->\r\n\r\n<\/div><!-- .lae-posts-multislider-item -->\r\n\r\n\r\n\r\n<div class=\"lae-posts-multislider-item lae-align-middle-left\">\r\n\r\n    <article id=\"post-2900\"\r\n             class=\"lae-post-entry post-2900 post type-post status-publish format-standard has-post-thumbnail hentry category-leffondrement-du-futur category-poeme tag-ecrits entry\">\r\n\r\n        \r\n            \r\n            \r\n            \r\n            <div class=\"lae-post-overlay lae-post-featured-img-bg\"\r\n                 style=\"background-image: url(https:\/\/kornlebars.fr\/wp-content\/uploads\/2024\/07\/3-1.jpg); height: 100px;\">\r\n\r\n                \r\n                    <div class=\"lae-post-text-wrap\">\r\n\r\n                        <div class=\"lae-post-text\">\r\n\r\n                            \r\n                                <span class=\"lae-terms\"><a href=\"https:\/\/kornlebars.fr\/index.php\/tag\/ecrits\/\">\u00c9CRITS<\/a><\/span>\r\n                            \r\n                            \r\n                                <h3 class=\"lae-post-title\"><a href=\"https:\/\/kornlebars.fr\/index.php\/2024\/07\/15\/poeme-1-3-estimation-directive\/\" title=\"Po\u00e8me 1.3 : Estimation directive.\" rel=\"bookmark\">Po\u00e8me 1.3 : Estimation directive.<\/a><\/h3>\r\n                            \r\n                            \r\n                                <div class=\"lae-post-meta\">\r\n\r\n                                    \r\n                                    \r\n                                    \r\n                                <\/div>\r\n\r\n                            \r\n                            <div class=\"lae-post-content\">\r\n\r\n                                \r\n                                \r\n                            <\/div>\r\n\r\n                        <\/div><!-- .lae-post-text -->\r\n\r\n                    <\/div>\r\n\r\n                \r\n            <\/div>\r\n\r\n        \r\n    <\/article><!-- .hentry -->\r\n\r\n<\/div><!-- .lae-posts-multislider-item -->\r\n\r\n\r\n\r\n<div class=\"lae-posts-multislider-item lae-align-middle-left\">\r\n\r\n    <article id=\"post-2906\"\r\n             class=\"lae-post-entry post-2906 post type-post status-publish format-standard has-post-thumbnail hentry category-leffondrement-du-futur category-poeme tag-ecrits entry\">\r\n\r\n        \r\n            \r\n            \r\n            \r\n            <div class=\"lae-post-overlay lae-post-featured-img-bg\"\r\n                 style=\"background-image: url(https:\/\/kornlebars.fr\/wp-content\/uploads\/2024\/07\/4-1.jpg); height: 100px;\">\r\n\r\n                \r\n                    <div class=\"lae-post-text-wrap\">\r\n\r\n                        <div class=\"lae-post-text\">\r\n\r\n                            \r\n                                <span class=\"lae-terms\"><a href=\"https:\/\/kornlebars.fr\/index.php\/tag\/ecrits\/\">\u00c9CRITS<\/a><\/span>\r\n                            \r\n                            \r\n                                <h3 class=\"lae-post-title\"><a href=\"https:\/\/kornlebars.fr\/index.php\/2024\/07\/15\/deferlement-de-la-temporalite\/\" title=\"Po\u00e8me 1.4 : D\u00e9ferlement de la temporalit\u00e9.\" rel=\"bookmark\">Po\u00e8me 1.4 : D\u00e9ferlement de la temporalit\u00e9.<\/a><\/h3>\r\n                            \r\n                            \r\n                                <div class=\"lae-post-meta\">\r\n\r\n                                    \r\n                                    \r\n                                    \r\n                                <\/div>\r\n\r\n                            \r\n                            <div class=\"lae-post-content\">\r\n\r\n                                \r\n                                \r\n                            <\/div>\r\n\r\n                        <\/div><!-- .lae-post-text -->\r\n\r\n                    <\/div>\r\n\r\n                \r\n            <\/div>\r\n\r\n        \r\n    <\/article><!-- .hentry -->\r\n\r\n<\/div><!-- .lae-posts-multislider-item -->\r\n\r\n\r\n\r\n<div class=\"lae-posts-multislider-item lae-align-middle-left\">\r\n\r\n    <article id=\"post-2915\"\r\n             class=\"lae-post-entry post-2915 post type-post status-publish format-standard has-post-thumbnail hentry category-leffondrement-du-futur category-poeme tag-ecrits entry\">\r\n\r\n        \r\n            \r\n            \r\n            \r\n            <div class=\"lae-post-overlay lae-post-featured-img-bg\"\r\n                 style=\"background-image: url(https:\/\/kornlebars.fr\/wp-content\/uploads\/2024\/07\/5-1.jpg); height: 100px;\">\r\n\r\n                \r\n                    <div class=\"lae-post-text-wrap\">\r\n\r\n                        <div class=\"lae-post-text\">\r\n\r\n                            \r\n                                <span class=\"lae-terms\"><a href=\"https:\/\/kornlebars.fr\/index.php\/tag\/ecrits\/\">\u00c9CRITS<\/a><\/span>\r\n                            \r\n                            \r\n                                <h3 class=\"lae-post-title\"><a href=\"https:\/\/kornlebars.fr\/index.php\/2024\/07\/15\/exil-temporel-de-la-cruaute\/\" title=\"Po\u00e8me 1.5 : Exil temporel de la cruaut\u00e9.\" rel=\"bookmark\">Po\u00e8me 1.5 : Exil temporel de la cruaut\u00e9.<\/a><\/h3>\r\n                            \r\n                            \r\n                                <div class=\"lae-post-meta\">\r\n\r\n                                    \r\n                                    \r\n                                    \r\n                                <\/div>\r\n\r\n                            \r\n                            <div class=\"lae-post-content\">\r\n\r\n                                \r\n                                \r\n                            <\/div>\r\n\r\n                        <\/div><!-- .lae-post-text -->\r\n\r\n                    <\/div>\r\n\r\n                \r\n            <\/div>\r\n\r\n        \r\n    <\/article><!-- .hentry -->\r\n\r\n<\/div><!-- .lae-posts-multislider-item -->\r\n\r\n\r\n\r\n<div class=\"lae-posts-multislider-item lae-align-middle-left\">\r\n\r\n    <article id=\"post-2928\"\r\n             class=\"lae-post-entry post-2928 post type-post status-publish format-standard has-post-thumbnail hentry category-leffondrement-du-futur category-poeme tag-ecrits entry\">\r\n\r\n        \r\n            \r\n            \r\n            \r\n            <div class=\"lae-post-overlay lae-post-featured-img-bg\"\r\n                 style=\"background-image: url(https:\/\/kornlebars.fr\/wp-content\/uploads\/2024\/07\/6-1.jpg); height: 100px;\">\r\n\r\n                \r\n                    <div class=\"lae-post-text-wrap\">\r\n\r\n                        <div class=\"lae-post-text\">\r\n\r\n                            \r\n                                <span class=\"lae-terms\"><a href=\"https:\/\/kornlebars.fr\/index.php\/tag\/ecrits\/\">\u00c9CRITS<\/a><\/span>\r\n                            \r\n                            \r\n                                <h3 class=\"lae-post-title\"><a href=\"https:\/\/kornlebars.fr\/index.php\/2024\/07\/15\/poeme-1-6-glorification-galactique\/\" title=\"Po\u00e8me 1.6 : Glorification galactique.\" rel=\"bookmark\">Po\u00e8me 1.6 : Glorification galactique.<\/a><\/h3>\r\n                            \r\n                            \r\n                                <div class=\"lae-post-meta\">\r\n\r\n                                    \r\n                                    \r\n                                    \r\n                                <\/div>\r\n\r\n                            \r\n                            <div class=\"lae-post-content\">\r\n\r\n                                \r\n                                \r\n                            <\/div>\r\n\r\n                        <\/div><!-- .lae-post-text -->\r\n\r\n                    <\/div>\r\n\r\n                \r\n            <\/div>\r\n\r\n        \r\n    <\/article><!-- .hentry -->\r\n\r\n<\/div><!-- .lae-posts-multislider-item -->\r\n\r\n\r\n\r\n<div class=\"lae-posts-multislider-item lae-align-middle-left\">\r\n\r\n    <article id=\"post-2935\"\r\n             class=\"lae-post-entry post-2935 post type-post status-publish format-standard has-post-thumbnail hentry category-leffondrement-du-futur category-poeme tag-ecrits entry\">\r\n\r\n        \r\n            \r\n            \r\n            \r\n            <div class=\"lae-post-overlay lae-post-featured-img-bg\"\r\n                 style=\"background-image: url(https:\/\/kornlebars.fr\/wp-content\/uploads\/2024\/07\/7-1.jpg); height: 100px;\">\r\n\r\n                \r\n                    <div class=\"lae-post-text-wrap\">\r\n\r\n                        <div class=\"lae-post-text\">\r\n\r\n                            \r\n                                <span class=\"lae-terms\"><a href=\"https:\/\/kornlebars.fr\/index.php\/tag\/ecrits\/\">\u00c9CRITS<\/a><\/span>\r\n                            \r\n                            \r\n                                <h3 class=\"lae-post-title\"><a href=\"https:\/\/kornlebars.fr\/index.php\/2024\/07\/15\/poeme-1-7-recit-naturaliste-interieure\/\" title=\"Po\u00e8me 1.7 : R\u00e9cit naturaliste int\u00e9rieure.\" rel=\"bookmark\">Po\u00e8me 1.7 : R\u00e9cit naturaliste int\u00e9rieure.<\/a><\/h3>\r\n                            \r\n                            \r\n                                <div class=\"lae-post-meta\">\r\n\r\n                                    \r\n                                    \r\n                                    \r\n                                <\/div>\r\n\r\n                            \r\n                            <div class=\"lae-post-content\">\r\n\r\n                                \r\n                                \r\n                            <\/div>\r\n\r\n                        <\/div><!-- .lae-post-text -->\r\n\r\n                    <\/div>\r\n\r\n                \r\n            <\/div>\r\n\r\n        \r\n    <\/article><!-- .hentry -->\r\n\r\n<\/div><!-- .lae-posts-multislider-item -->\r\n\r\n\r\n    <\/div><!-- .lae-posts-multislider -->\r\n\r\n<\/div><!-- .lae-posts-multislider-wrap -->\t\t<\/div>\n\t\t\t\t<\/div>\n\t\t\t\t\t<\/div>\n\t\t\t\t<\/div>\n\t\t\t\t<\/div>\n\t\t","protected":false},"excerpt":{"rendered":"<p>Po\u00e8me 1 : L\u2019\u00e9veil du miracle. Po\u00e8me 1 Les r\u00eaves se sont effondr\u00e9s et \u00e9veill\u00e9s,Car la libert\u00e9 nous a sauv\u00e9s.Ils courent \u00e0 travers l\u2019ombre et la lumi\u00e8re.Les vers ont \u00e9t\u00e9 \u00e9crits sans danger. \u00a0 Oh \u00e9tendue de la raison\u00a0! Clam\u00e8rent-ils des \u00e9loges qui se r\u00e9alis\u00e8rent dans un sens agr\u00e9able vers lavictoire de la beaut\u00e9\u00a0?L\u2019\u0153uvre d\u2019art&hellip; <a class=\"more-link\" href=\"https:\/\/kornlebars.fr\/index.php\/2024\/07\/15\/poeme-1-7-recit-naturaliste-interieure\/\">Poursuivre la lecture <span class=\"screen-reader-text\">Po\u00e8me 1.7 : R\u00e9cit naturaliste int\u00e9rieure.<\/span><\/a><\/p>\n","protected":false},"author":1,"featured_media":2884,"comment_status":"closed","ping_status":"closed","sticky":false,"template":"elementor_header_footer","format":"standard","meta":{"footnotes":""},"categories":[57,58],"tags":[67],"class_list":["post-2879","post","type-post","status-publish","format-standard","has-post-thumbnail","hentry","category-leffondrement-du-futur","category-poeme","tag-ecrits","entry"],"yoast_head":"<!-- This site is optimized with the Yoast SEO plugin v22.1 - https:\/\/yoast.com\/wordpress\/plugins\/seo\/ -->\n<title>Po\u00e8me 1.1 : L\u2019\u00e9veil du miracle. - Korn Le Bars<\/title>\n<meta name=\"robots\" content=\"index, follow, max-snippet:-1, max-image-preview:large, max-video-preview:-1\" \/>\n<link rel=\"canonical\" href=\"https:\/\/kornlebars.fr\/index.php\/2024\/07\/15\/poeme-1-1-leveil-du-miracle\/\" \/>\n<meta property=\"og:locale\" content=\"fr_FR\" \/>\n<meta property=\"og:type\" content=\"article\" \/>\n<meta property=\"og:title\" content=\"Po\u00e8me 1.1 : L\u2019\u00e9veil du miracle. - Korn Le Bars\" \/>\n<meta property=\"og:description\" content=\"Po\u00e8me 1 : L\u2019\u00e9veil du miracle. Po\u00e8me 1 Les r\u00eaves se sont effondr\u00e9s et \u00e9veill\u00e9s,Car la libert\u00e9 nous a sauv\u00e9s.Ils courent \u00e0 travers l\u2019ombre et la lumi\u00e8re.Les vers ont \u00e9t\u00e9 \u00e9crits sans danger. \u00a0 Oh \u00e9tendue de la raison\u00a0! Clam\u00e8rent-ils des \u00e9loges qui se r\u00e9alis\u00e8rent dans un sens agr\u00e9able vers lavictoire de la beaut\u00e9\u00a0?L\u2019\u0153uvre d\u2019art&hellip; Poursuivre la lecture Po\u00e8me 1.7 : R\u00e9cit naturaliste int\u00e9rieure.\" \/>\n<meta property=\"og:url\" content=\"https:\/\/kornlebars.fr\/index.php\/2024\/07\/15\/poeme-1-1-leveil-du-miracle\/\" \/>\n<meta property=\"og:site_name\" content=\"Korn Le Bars\" \/>\n<meta property=\"article:published_time\" content=\"2024-07-15T11:36:50+00:00\" \/>\n<meta property=\"article:modified_time\" content=\"2025-05-27T17:14:58+00:00\" \/>\n<meta property=\"og:image\" content=\"http:\/\/kornlebars.fr\/wp-content\/uploads\/2024\/07\/1.jpg\" \/>\n\t<meta property=\"og:image:width\" content=\"200\" \/>\n\t<meta property=\"og:image:height\" content=\"200\" \/>\n\t<meta property=\"og:image:type\" content=\"image\/jpeg\" \/>\n<meta name=\"author\" content=\"admin3941\" \/>\n<meta name=\"twitter:card\" content=\"summary_large_image\" \/>\n<meta name=\"twitter:label1\" content=\"\u00c9crit par\" \/>\n\t<meta name=\"twitter:data1\" content=\"admin3941\" \/>\n\t<meta name=\"twitter:label2\" content=\"Dur\u00e9e de lecture estim\u00e9e\" \/>\n\t<meta name=\"twitter:data2\" content=\"3 minutes\" \/>\n<script type=\"application\/ld+json\" class=\"yoast-schema-graph\">{\"@context\":\"https:\/\/schema.org\",\"@graph\":[{\"@type\":\"Article\",\"@id\":\"https:\/\/kornlebars.fr\/index.php\/2024\/07\/15\/poeme-1-1-leveil-du-miracle\/#article\",\"isPartOf\":{\"@id\":\"https:\/\/kornlebars.fr\/index.php\/2024\/07\/15\/poeme-1-1-leveil-du-miracle\/\"},\"author\":{\"name\":\"admin3941\",\"@id\":\"https:\/\/kornlebars.fr\/#\/schema\/person\/68652dfe8060d634ae2c989175cbc79a\"},\"headline\":\"Po\u00e8me 1.1 : L\u2019\u00e9veil du miracle.\",\"datePublished\":\"2024-07-15T11:36:50+00:00\",\"dateModified\":\"2025-05-27T17:14:58+00:00\",\"mainEntityOfPage\":{\"@id\":\"https:\/\/kornlebars.fr\/index.php\/2024\/07\/15\/poeme-1-1-leveil-du-miracle\/\"},\"wordCount\":500,\"publisher\":{\"@id\":\"https:\/\/kornlebars.fr\/#organization\"},\"keywords\":[\"\u00c9CRITS\"],\"articleSection\":[\"L\u2019effondrement du futur\",\"Partie I\u00a0: \u00c9lan vital (2019-21).\"],\"inLanguage\":\"fr-FR\"},{\"@type\":\"WebPage\",\"@id\":\"https:\/\/kornlebars.fr\/index.php\/2024\/07\/15\/poeme-1-1-leveil-du-miracle\/\",\"url\":\"https:\/\/kornlebars.fr\/index.php\/2024\/07\/15\/poeme-1-1-leveil-du-miracle\/\",\"name\":\"Po\u00e8me 1.1 : L\u2019\u00e9veil du miracle. - Korn Le Bars\",\"isPartOf\":{\"@id\":\"https:\/\/kornlebars.fr\/#website\"},\"datePublished\":\"2024-07-15T11:36:50+00:00\",\"dateModified\":\"2025-05-27T17:14:58+00:00\",\"breadcrumb\":{\"@id\":\"https:\/\/kornlebars.fr\/index.php\/2024\/07\/15\/poeme-1-1-leveil-du-miracle\/#breadcrumb\"},\"inLanguage\":\"fr-FR\",\"potentialAction\":[{\"@type\":\"ReadAction\",\"target\":[\"https:\/\/kornlebars.fr\/index.php\/2024\/07\/15\/poeme-1-1-leveil-du-miracle\/\"]}]},{\"@type\":\"BreadcrumbList\",\"@id\":\"https:\/\/kornlebars.fr\/index.php\/2024\/07\/15\/poeme-1-1-leveil-du-miracle\/#breadcrumb\",\"itemListElement\":[{\"@type\":\"ListItem\",\"position\":1,\"name\":\"Accueil\",\"item\":\"https:\/\/kornlebars.fr\/\"},{\"@type\":\"ListItem\",\"position\":2,\"name\":\"Po\u00e8me 1.1 : L\u2019\u00e9veil du miracle.\"}]},{\"@type\":\"WebSite\",\"@id\":\"https:\/\/kornlebars.fr\/#website\",\"url\":\"https:\/\/kornlebars.fr\/\",\"name\":\"Korn Le Bars\",\"description\":\"Artiste - Auteur\",\"publisher\":{\"@id\":\"https:\/\/kornlebars.fr\/#organization\"},\"potentialAction\":[{\"@type\":\"SearchAction\",\"target\":{\"@type\":\"EntryPoint\",\"urlTemplate\":\"https:\/\/kornlebars.fr\/?s={search_term_string}\"},\"query-input\":\"required name=search_term_string\"}],\"inLanguage\":\"fr-FR\"},{\"@type\":\"Organization\",\"@id\":\"https:\/\/kornlebars.fr\/#organization\",\"name\":\"Korn Le Bars\",\"url\":\"https:\/\/kornlebars.fr\/\",\"logo\":{\"@type\":\"ImageObject\",\"inLanguage\":\"fr-FR\",\"@id\":\"https:\/\/kornlebars.fr\/#\/schema\/logo\/image\/\",\"url\":\"https:\/\/kornlebars.fr\/wp-content\/uploads\/2024\/02\/cropped-cropped-cropped-cropped-Plan-de-travail-11.png\",\"contentUrl\":\"https:\/\/kornlebars.fr\/wp-content\/uploads\/2024\/02\/cropped-cropped-cropped-cropped-Plan-de-travail-11.png\",\"width\":701,\"height\":598,\"caption\":\"Korn Le Bars\"},\"image\":{\"@id\":\"https:\/\/kornlebars.fr\/#\/schema\/logo\/image\/\"}},{\"@type\":\"Person\",\"@id\":\"https:\/\/kornlebars.fr\/#\/schema\/person\/68652dfe8060d634ae2c989175cbc79a\",\"name\":\"admin3941\",\"image\":{\"@type\":\"ImageObject\",\"inLanguage\":\"fr-FR\",\"@id\":\"https:\/\/kornlebars.fr\/#\/schema\/person\/image\/\",\"url\":\"https:\/\/secure.gravatar.com\/avatar\/1bb43a08730e4a5e35bd8231abd314109747ab0d2e3bffa098e2e5d78142e44d?s=96&d=mm&r=g\",\"contentUrl\":\"https:\/\/secure.gravatar.com\/avatar\/1bb43a08730e4a5e35bd8231abd314109747ab0d2e3bffa098e2e5d78142e44d?s=96&d=mm&r=g\",\"caption\":\"admin3941\"},\"sameAs\":[\"http:\/\/kornlebars.fr\"],\"url\":\"https:\/\/kornlebars.fr\/index.php\/author\/admin3941\/\"}]}<\/script>\n<!-- \/ Yoast SEO plugin. -->","yoast_head_json":{"title":"Po\u00e8me 1.1 : L\u2019\u00e9veil du miracle. - Korn Le Bars","robots":{"index":"index","follow":"follow","max-snippet":"max-snippet:-1","max-image-preview":"max-image-preview:large","max-video-preview":"max-video-preview:-1"},"canonical":"https:\/\/kornlebars.fr\/index.php\/2024\/07\/15\/poeme-1-1-leveil-du-miracle\/","og_locale":"fr_FR","og_type":"article","og_title":"Po\u00e8me 1.1 : L\u2019\u00e9veil du miracle. - Korn Le Bars","og_description":"Po\u00e8me 1 : L\u2019\u00e9veil du miracle. Po\u00e8me 1 Les r\u00eaves se sont effondr\u00e9s et \u00e9veill\u00e9s,Car la libert\u00e9 nous a sauv\u00e9s.Ils courent \u00e0 travers l\u2019ombre et la lumi\u00e8re.Les vers ont \u00e9t\u00e9 \u00e9crits sans danger. \u00a0 Oh \u00e9tendue de la raison\u00a0! Clam\u00e8rent-ils des \u00e9loges qui se r\u00e9alis\u00e8rent dans un sens agr\u00e9able vers lavictoire de la beaut\u00e9\u00a0?L\u2019\u0153uvre d\u2019art&hellip; Poursuivre la lecture Po\u00e8me 1.7 : R\u00e9cit naturaliste int\u00e9rieure.","og_url":"https:\/\/kornlebars.fr\/index.php\/2024\/07\/15\/poeme-1-1-leveil-du-miracle\/","og_site_name":"Korn Le Bars","article_published_time":"2024-07-15T11:36:50+00:00","article_modified_time":"2025-05-27T17:14:58+00:00","og_image":[{"width":200,"height":200,"url":"http:\/\/kornlebars.fr\/wp-content\/uploads\/2024\/07\/1.jpg","type":"image\/jpeg"}],"author":"admin3941","twitter_card":"summary_large_image","twitter_misc":{"\u00c9crit par":"admin3941","Dur\u00e9e de lecture estim\u00e9e":"3 minutes"},"schema":{"@context":"https:\/\/schema.org","@graph":[{"@type":"Article","@id":"https:\/\/kornlebars.fr\/index.php\/2024\/07\/15\/poeme-1-1-leveil-du-miracle\/#article","isPartOf":{"@id":"https:\/\/kornlebars.fr\/index.php\/2024\/07\/15\/poeme-1-1-leveil-du-miracle\/"},"author":{"name":"admin3941","@id":"https:\/\/kornlebars.fr\/#\/schema\/person\/68652dfe8060d634ae2c989175cbc79a"},"headline":"Po\u00e8me 1.1 : L\u2019\u00e9veil du miracle.","datePublished":"2024-07-15T11:36:50+00:00","dateModified":"2025-05-27T17:14:58+00:00","mainEntityOfPage":{"@id":"https:\/\/kornlebars.fr\/index.php\/2024\/07\/15\/poeme-1-1-leveil-du-miracle\/"},"wordCount":500,"publisher":{"@id":"https:\/\/kornlebars.fr\/#organization"},"keywords":["\u00c9CRITS"],"articleSection":["L\u2019effondrement du futur","Partie I\u00a0: \u00c9lan vital (2019-21)."],"inLanguage":"fr-FR"},{"@type":"WebPage","@id":"https:\/\/kornlebars.fr\/index.php\/2024\/07\/15\/poeme-1-1-leveil-du-miracle\/","url":"https:\/\/kornlebars.fr\/index.php\/2024\/07\/15\/poeme-1-1-leveil-du-miracle\/","name":"Po\u00e8me 1.1 : L\u2019\u00e9veil du miracle. - Korn Le Bars","isPartOf":{"@id":"https:\/\/kornlebars.fr\/#website"},"datePublished":"2024-07-15T11:36:50+00:00","dateModified":"2025-05-27T17:14:58+00:00","breadcrumb":{"@id":"https:\/\/kornlebars.fr\/index.php\/2024\/07\/15\/poeme-1-1-leveil-du-miracle\/#breadcrumb"},"inLanguage":"fr-FR","potentialAction":[{"@type":"ReadAction","target":["https:\/\/kornlebars.fr\/index.php\/2024\/07\/15\/poeme-1-1-leveil-du-miracle\/"]}]},{"@type":"BreadcrumbList","@id":"https:\/\/kornlebars.fr\/index.php\/2024\/07\/15\/poeme-1-1-leveil-du-miracle\/#breadcrumb","itemListElement":[{"@type":"ListItem","position":1,"name":"Accueil","item":"https:\/\/kornlebars.fr\/"},{"@type":"ListItem","position":2,"name":"Po\u00e8me 1.1 : L\u2019\u00e9veil du miracle."}]},{"@type":"WebSite","@id":"https:\/\/kornlebars.fr\/#website","url":"https:\/\/kornlebars.fr\/","name":"Korn Le Bars","description":"Artiste - Auteur","publisher":{"@id":"https:\/\/kornlebars.fr\/#organization"},"potentialAction":[{"@type":"SearchAction","target":{"@type":"EntryPoint","urlTemplate":"https:\/\/kornlebars.fr\/?s={search_term_string}"},"query-input":"required name=search_term_string"}],"inLanguage":"fr-FR"},{"@type":"Organization","@id":"https:\/\/kornlebars.fr\/#organization","name":"Korn Le Bars","url":"https:\/\/kornlebars.fr\/","logo":{"@type":"ImageObject","inLanguage":"fr-FR","@id":"https:\/\/kornlebars.fr\/#\/schema\/logo\/image\/","url":"https:\/\/kornlebars.fr\/wp-content\/uploads\/2024\/02\/cropped-cropped-cropped-cropped-Plan-de-travail-11.png","contentUrl":"https:\/\/kornlebars.fr\/wp-content\/uploads\/2024\/02\/cropped-cropped-cropped-cropped-Plan-de-travail-11.png","width":701,"height":598,"caption":"Korn Le Bars"},"image":{"@id":"https:\/\/kornlebars.fr\/#\/schema\/logo\/image\/"}},{"@type":"Person","@id":"https:\/\/kornlebars.fr\/#\/schema\/person\/68652dfe8060d634ae2c989175cbc79a","name":"admin3941","image":{"@type":"ImageObject","inLanguage":"fr-FR","@id":"https:\/\/kornlebars.fr\/#\/schema\/person\/image\/","url":"https:\/\/secure.gravatar.com\/avatar\/1bb43a08730e4a5e35bd8231abd314109747ab0d2e3bffa098e2e5d78142e44d?s=96&d=mm&r=g","contentUrl":"https:\/\/secure.gravatar.com\/avatar\/1bb43a08730e4a5e35bd8231abd314109747ab0d2e3bffa098e2e5d78142e44d?s=96&d=mm&r=g","caption":"admin3941"},"sameAs":["http:\/\/kornlebars.fr"],"url":"https:\/\/kornlebars.fr\/index.php\/author\/admin3941\/"}]}},"_links":{"self":[{"href":"https:\/\/kornlebars.fr\/index.php\/wp-json\/wp\/v2\/posts\/2879","targetHints":{"allow":["GET"]}}],"collection":[{"href":"https:\/\/kornlebars.fr\/index.php\/wp-json\/wp\/v2\/posts"}],"about":[{"href":"https:\/\/kornlebars.fr\/index.php\/wp-json\/wp\/v2\/types\/post"}],"author":[{"embeddable":true,"href":"https:\/\/kornlebars.fr\/index.php\/wp-json\/wp\/v2\/users\/1"}],"replies":[{"embeddable":true,"href":"https:\/\/kornlebars.fr\/index.php\/wp-json\/wp\/v2\/comments?post=2879"}],"version-history":[{"count":22,"href":"https:\/\/kornlebars.fr\/index.php\/wp-json\/wp\/v2\/posts\/2879\/revisions"}],"predecessor-version":[{"id":5457,"href":"https:\/\/kornlebars.fr\/index.php\/wp-json\/wp\/v2\/posts\/2879\/revisions\/5457"}],"wp:featuredmedia":[{"embeddable":true,"href":"https:\/\/kornlebars.fr\/index.php\/wp-json\/wp\/v2\/media\/2884"}],"wp:attachment":[{"href":"https:\/\/kornlebars.fr\/index.php\/wp-json\/wp\/v2\/media?parent=2879"}],"wp:term":[{"taxonomy":"category","embeddable":true,"href":"https:\/\/kornlebars.fr\/index.php\/wp-json\/wp\/v2\/categories?post=2879"},{"taxonomy":"post_tag","embeddable":true,"href":"https:\/\/kornlebars.fr\/index.php\/wp-json\/wp\/v2\/tags?post=2879"}],"curies":[{"name":"wp","href":"https:\/\/api.w.org\/{rel}","templated":true}]}}