{"id":2915,"date":"2024-07-15T14:01:39","date_gmt":"2024-07-15T12:01:39","guid":{"rendered":"https:\/\/kornlebars.fr\/?p=2915"},"modified":"2025-05-27T19:28:34","modified_gmt":"2025-05-27T17:28:34","slug":"exil-temporel-de-la-cruaute","status":"publish","type":"post","link":"https:\/\/kornlebars.fr\/index.php\/2024\/07\/15\/exil-temporel-de-la-cruaute\/","title":{"rendered":"Po\u00e8me 1.5 : Exil temporel de la cruaut\u00e9."},"content":{"rendered":"\t\t<div data-elementor-type=\"wp-post\" data-elementor-id=\"2915\" class=\"elementor elementor-2915\">\n\t\t\t\t<div class=\"elementor-element elementor-element-498cd35 e-flex e-con-boxed e-con e-parent\" data-id=\"498cd35\" data-element_type=\"container\" data-settings=\"{&quot;content_width&quot;:&quot;boxed&quot;}\" data-core-v316-plus=\"true\">\n\t\t\t\t\t<div class=\"e-con-inner\">\n\t\t\t\t<div class=\"elementor-element elementor-element-52b0d8c elementor-widget elementor-widget-heading\" data-id=\"52b0d8c\" data-element_type=\"widget\" data-widget_type=\"heading.default\">\n\t\t\t\t<div class=\"elementor-widget-container\">\n\t\t\t<style>\/*! elementor - v3.19.0 - 07-02-2024 *\/\n.elementor-heading-title{padding:0;margin:0;line-height:1}.elementor-widget-heading .elementor-heading-title[class*=elementor-size-]>a{color:inherit;font-size:inherit;line-height:inherit}.elementor-widget-heading .elementor-heading-title.elementor-size-small{font-size:15px}.elementor-widget-heading .elementor-heading-title.elementor-size-medium{font-size:19px}.elementor-widget-heading .elementor-heading-title.elementor-size-large{font-size:29px}.elementor-widget-heading .elementor-heading-title.elementor-size-xl{font-size:39px}.elementor-widget-heading .elementor-heading-title.elementor-size-xxl{font-size:59px}<\/style><h1 class=\"elementor-heading-title elementor-size-default\">Po\u00e8me 5 : Exil temporel de la cruaut\u00e9.<\/h1>\t\t<\/div>\n\t\t\t\t<\/div>\n\t\t\t\t<div class=\"elementor-element elementor-element-4d385d7 elementor-widget-divider--view-line_text elementor-widget-divider--element-align-center elementor-widget elementor-widget-divider\" data-id=\"4d385d7\" data-element_type=\"widget\" data-widget_type=\"divider.default\">\n\t\t\t\t<div class=\"elementor-widget-container\">\n\t\t\t<style>\/*! elementor - v3.19.0 - 07-02-2024 *\/\n.elementor-widget-divider{--divider-border-style:none;--divider-border-width:1px;--divider-color:#0c0d0e;--divider-icon-size:20px;--divider-element-spacing:10px;--divider-pattern-height:24px;--divider-pattern-size:20px;--divider-pattern-url:none;--divider-pattern-repeat:repeat-x}.elementor-widget-divider .elementor-divider{display:flex}.elementor-widget-divider .elementor-divider__text{font-size:15px;line-height:1;max-width:95%}.elementor-widget-divider .elementor-divider__element{margin:0 var(--divider-element-spacing);flex-shrink:0}.elementor-widget-divider .elementor-icon{font-size:var(--divider-icon-size)}.elementor-widget-divider .elementor-divider-separator{display:flex;margin:0;direction:ltr}.elementor-widget-divider--view-line_icon .elementor-divider-separator,.elementor-widget-divider--view-line_text .elementor-divider-separator{align-items:center}.elementor-widget-divider--view-line_icon .elementor-divider-separator:after,.elementor-widget-divider--view-line_icon .elementor-divider-separator:before,.elementor-widget-divider--view-line_text .elementor-divider-separator:after,.elementor-widget-divider--view-line_text .elementor-divider-separator:before{display:block;content:\"\";border-block-end:0;flex-grow:1;border-block-start:var(--divider-border-width) var(--divider-border-style) var(--divider-color)}.elementor-widget-divider--element-align-left .elementor-divider .elementor-divider-separator>.elementor-divider__svg:first-of-type{flex-grow:0;flex-shrink:100}.elementor-widget-divider--element-align-left .elementor-divider-separator:before{content:none}.elementor-widget-divider--element-align-left .elementor-divider__element{margin-left:0}.elementor-widget-divider--element-align-right .elementor-divider .elementor-divider-separator>.elementor-divider__svg:last-of-type{flex-grow:0;flex-shrink:100}.elementor-widget-divider--element-align-right .elementor-divider-separator:after{content:none}.elementor-widget-divider--element-align-right .elementor-divider__element{margin-right:0}.elementor-widget-divider--element-align-start .elementor-divider .elementor-divider-separator>.elementor-divider__svg:first-of-type{flex-grow:0;flex-shrink:100}.elementor-widget-divider--element-align-start .elementor-divider-separator:before{content:none}.elementor-widget-divider--element-align-start .elementor-divider__element{margin-inline-start:0}.elementor-widget-divider--element-align-end .elementor-divider .elementor-divider-separator>.elementor-divider__svg:last-of-type{flex-grow:0;flex-shrink:100}.elementor-widget-divider--element-align-end .elementor-divider-separator:after{content:none}.elementor-widget-divider--element-align-end .elementor-divider__element{margin-inline-end:0}.elementor-widget-divider:not(.elementor-widget-divider--view-line_text):not(.elementor-widget-divider--view-line_icon) .elementor-divider-separator{border-block-start:var(--divider-border-width) var(--divider-border-style) var(--divider-color)}.elementor-widget-divider--separator-type-pattern{--divider-border-style:none}.elementor-widget-divider--separator-type-pattern.elementor-widget-divider--view-line .elementor-divider-separator,.elementor-widget-divider--separator-type-pattern:not(.elementor-widget-divider--view-line) .elementor-divider-separator:after,.elementor-widget-divider--separator-type-pattern:not(.elementor-widget-divider--view-line) .elementor-divider-separator:before,.elementor-widget-divider--separator-type-pattern:not([class*=elementor-widget-divider--view]) .elementor-divider-separator{width:100%;min-height:var(--divider-pattern-height);-webkit-mask-size:var(--divider-pattern-size) 100%;mask-size:var(--divider-pattern-size) 100%;-webkit-mask-repeat:var(--divider-pattern-repeat);mask-repeat:var(--divider-pattern-repeat);background-color:var(--divider-color);-webkit-mask-image:var(--divider-pattern-url);mask-image:var(--divider-pattern-url)}.elementor-widget-divider--no-spacing{--divider-pattern-size:auto}.elementor-widget-divider--bg-round{--divider-pattern-repeat:round}.rtl .elementor-widget-divider .elementor-divider__text{direction:rtl}.e-con-inner>.elementor-widget-divider,.e-con>.elementor-widget-divider{width:var(--container-widget-width,100%);--flex-grow:var(--container-widget-flex-grow)}<\/style>\t\t<div class=\"elementor-divider\">\n\t\t\t<span class=\"elementor-divider-separator\">\n\t\t\t\t\t\t\t<h2 class=\"elementor-divider__text elementor-divider__element\">\n\t\t\t\tPo\u00e8me 5\t\t\t\t<\/h2>\n\t\t\t\t\t\t<\/span>\n\t\t<\/div>\n\t\t\t\t<\/div>\n\t\t\t\t<\/div>\n\t\t\t\t<div class=\"elementor-element elementor-element-ce86d8d elementor-widget__width-inherit elementor-widget elementor-widget-text-editor\" data-id=\"ce86d8d\" data-element_type=\"widget\" data-widget_type=\"text-editor.default\">\n\t\t\t\t<div class=\"elementor-widget-container\">\n\t\t\t<style>\/*! elementor - v3.19.0 - 07-02-2024 *\/\n.elementor-widget-text-editor.elementor-drop-cap-view-stacked .elementor-drop-cap{background-color:#69727d;color:#fff}.elementor-widget-text-editor.elementor-drop-cap-view-framed .elementor-drop-cap{color:#69727d;border:3px solid;background-color:transparent}.elementor-widget-text-editor:not(.elementor-drop-cap-view-default) .elementor-drop-cap{margin-top:8px}.elementor-widget-text-editor:not(.elementor-drop-cap-view-default) .elementor-drop-cap-letter{width:1em;height:1em}.elementor-widget-text-editor .elementor-drop-cap{float:left;text-align:center;line-height:1;font-size:50px}.elementor-widget-text-editor .elementor-drop-cap-letter{display:inline-block}<\/style>\t\t\t\t<p>Les murmures de la farce ne font qu\u2019\u00e9largir les abysses de la cruaut\u00e9 dans ses heures les plus<br \/>sombres.<br \/>Telle que l\u2019ombre de la cruaut\u00e9 monstrueuse recouvre la montagne de son angoissant manteau.<br \/>Dans la p\u00e9nombre du tunnel empeste la sauvagerie d\u2019une menace fatale et dans l\u2019obscurit\u00e9 se<br \/>dessine le visage du mal face \u00e0 la temporalit\u00e9.<br \/>La cruaut\u00e9 avance et ne recule pas.<\/p><p>Peuples de la terre,<br \/>Au c\u0153ur m\u00eame de votre v\u00e9rit\u00e9 se dresse l\u2019\u00e9tendue du silence supr\u00eame, sournoisement cach\u00e9e<br \/>derri\u00e8re le calme de la bont\u00e9.<br \/>\u00d4 c\u00e9leste, est la lumi\u00e8re qui \u00e9blouit les terriens de la v\u00e9rit\u00e9.<br \/>Voil\u00e9s sont les secrets qui se dissipent dans cette illumination c\u00e9leste.<br \/>La v\u00e9ridicit\u00e9 c\u00e9leste est plus puissante que toute autre nettet\u00e9: elle transperce les c\u0153urs d\u00e9munis et<br \/>renforce le bien pour combattre la d\u00e9solation.<br \/>Elle soulage les consciences d\u00e9munies de toute sagesse et fortifie l\u2019adoration pure.<br \/>Gloire aux anges de la puret\u00e9.<\/p><p>\u00a0<\/p><p>Au sein m\u00eame de la cruaut\u00e9 qui enfouit les civilisations dans leurs propres d\u00e9ch\u00e9ances,<br \/>Si bien que le temps nettoie le regard que l\u2019on porte sur la plan\u00e8te au-del\u00e0 des t\u00e9l\u00e9viseurs.<br \/>L\u2019\u00eatre humain succombera \u00e0 sa propre erreur,<br \/>Ou il paiera les cons\u00e9quences de son funeste malheur.<\/p><p>\u00a0<\/p><p>\u00ab Malheur \u00bb est l\u2019hypocrite gourmandise que la cruaut\u00e9 cache au fond de sa ge\u00f4le.<br \/>Qu\u2019est-ce que la raison deviendra si elle s\u2019abat dans le trou de sa propre obscurit\u00e9 qui gouverne sa<br \/>m\u00e9chancet\u00e9\u00a0?<br \/>L\u2019\u00e9ternit\u00e9 dispara\u00eetra dans un grain de poussi\u00e8re \u00e0 travers les secrets de l\u2019univers, en dehors de la<br \/>temporalit\u00e9 dont le cruaut\u00e9 tente de s\u2019emparer.<\/p><p>\u00a0<\/p><p>Cependant la lumi\u00e8re illuminera la crainte de ses jours, m\u00eame dans le plus profond des d\u00e9sespoirs.<br \/>Des regards fan\u00e9s repousseront de leurs cendres.<br \/>On entendra la voie du printemps nous chanter les douceurs de l\u2019hiver.<br \/>Nous marcherons dans des ruelles en fleurs.<br \/>La paix viendra r\u00e9conforter nos c\u0153urs et la souffrance int\u00e9rieure.<\/p><p>\u00a0<\/p><p>Ils marcheront \u00e0 travers le mal de la cruaut\u00e9 en le guidant vers la lueur,<br \/>Car de toute mani\u00e8re la victoire n\u2019est que le d\u00e9but de l\u2019\u00e9chec.<\/p><p>\u00a0<\/p><p>Le temps est insens\u00e9,<br \/>L\u2019histoire est ind\u00e9termin\u00e9e.<\/p><p>\u00a0<\/p><p>C\u2019est ainsi que la temporalit\u00e9 court dans un couloir inqui\u00e9tant,<br \/>Et une porte derri\u00e8re nous se referme lentement.<\/p><p>\u00a0<\/p><p>Imagine la mal\u00e9diction de la cruaut\u00e9\u00a0qui s\u2019abat sur le monde,<br \/>Lorsque la bont\u00e9 affrontera le visage du diable.<\/p><p>\u00a0<\/p><p>Le rire n\u2019est que le masque vilain de la tristesse angoiss\u00e9e.<br \/>La liqueur de l\u2019existence se boit de mani\u00e8re impure.<\/p><p>\u00a0<\/p><p>Le venin du poison est extrait.<br \/>La douleur aigu\u00eb se propage par l\u2019instinct.<\/p><p>\u00a0<\/p><p>Sur un sol de marbre glac\u00e9 avance un terrien au visage p\u00e2li par la terreur, au regard assombri qui<br \/>s\u2019accroche \u00e0 l\u2019existence.<\/p><p>\u00a0<\/p><p>Par ailleurs, les peuples se mirent \u00e0 ressentir ce que personne ne voudrait \u00e9prouver\u00a0: le tourment<br \/>qu\u2019ils cherchent tous \u00e0 fuir et le mal dominant.<br \/>Face \u00e0 cela, l\u2019hypocrisie et la l\u00e2chet\u00e9 se d\u00e9robent face \u00e0 la faiblesse fragile de la beaut\u00e9 ravag\u00e9e.<\/p><p>\u00a0<\/p><p>Une larme coule sur le sol, <br \/>Et les fissures du temps l\u2019absorbent.<br \/>Rien de plus ne se console.<\/p><p>\u00a0<\/p><p>Entendant la douleur d\u2019une \u00e2me,<br \/>Dans l\u2019ennui pleure d\u00e9licatement son c\u0153ur fragile.<br \/>Un m\u00e9lancolique rire amer se transforme en d\u00e9lire de marasme.<\/p><p>\u00a0<\/p><p>Ainsi, c\u2019\u00e9tait hier, il y a quelques ann\u00e9es,<br \/>Et sous les fa\u00e7ades d\u2019une apparence \u00e9trip\u00e9e par sa tromperie, gisaient dans l\u2019ombre les cicatrices de<br \/>son insolente gaminerie.<\/p><p>\u00a0<\/p><p>Les ann\u00e9es s\u2019\u00e9coul\u00e8rent le long d\u2019une existence insens\u00e9e,<br \/>Les choix furent pervertis par le talent de la manipulation qui enracinait les racines de la terre.<br \/>Sans amour, les jours s\u2019\u00e9coul\u00e8rent,<br \/>Les cris de la vieillesse absorb\u00e8rent les quelques lumi\u00e8res de jeunesses de la plan\u00e8te.<\/p><p>\u00a0<\/p><p>La conscience criait,<br \/>Elle acclamait de peur de ne plus pouvoir penser, et de succomber \u00e0 la mort de l\u2019extinction supr\u00eame.<br \/>Il ne fallait rien faire,<br \/>Il ne fallait qu\u2019attendre,<br \/>Attendre que l\u2019existence terrienne s\u2019ach\u00e8ve,<br \/>Et que si le divin nous l\u2019accorde,<br \/>Puisse-t-il nous pr\u00e9server de la souffrance du c\u0153ur et du corps, jusqu\u2019\u00e0 notre mort.<\/p><p>\u00a0<\/p><p>De la sorte, cela aurait pu se passer autrement, car au d\u00e9but tout se portait bien avant l\u2019arriv\u00e9e de la<br \/>cruaut\u00e9.<br \/>L\u2019insouciance nous prot\u00e9geait du drame et de la mort jusqu\u2019au jour o\u00f9 tout bascula dans le chaos.<\/p><p>\u00a0<\/p><p>D\u00e8s lors, dans les nuits orageuses souffle la lumi\u00e8re.<br \/>Le vent souffle et s\u2019\u00e9tire.<\/p><p>\u00a0<\/p><p>\u00ab\u00a0Voyez le visage de la v\u00e9rit\u00e9,<br \/>Prenez conscience de votre inconscience.<br \/>Le signifiant est invisible.<br \/>L\u2019insignifiant est visible\u00a0\u00bb, s\u2019exclamait-il.<\/p><p>\u00a0<\/p><p>\u00ab\u00a0Le cauchemar s\u2019\u00e9veille lorsque la v\u00e9rit\u00e9 nous parle. Les nuits grondent, et on entend la pers\u00e9cution<br \/>de notre \u00eatre nous raconter les histoires de leurs douloureuses blessures\u00a0\u00bb<\/p><p>\u00a0<\/p><p>Nous naissons dans un monde cruel tel que la vie ne l\u2019est pas o\u00f9 le mal de la cruaut\u00e9 empoisonne<br \/>les racines de la terre.<\/p><p>\u00a0<\/p><p>Au point que le jugement dernier nous d\u00e9truira tous.<br \/>Seul l\u2019amour r\u00e9sistera face au n\u00e9ant.<\/p><p>\u00a0<\/p><p>Les d\u00e9mons descendront et tortureront les humains, les r\u00e9duisant en esclavage dans leurs ge\u00f4les.<br \/>L\u2019\u00e9clatement enflammera la plan\u00e8te de sa force diabolique par la force de la cruaut\u00e9 et de son<br \/>refrain.<br \/>Des forces occultes prendront possession des villes et du pouvoir terrien.<\/p><p>\u00a0<\/p><p>La lutte pour la survie sera le d\u00e9but de la renaissance de notre esp\u00e8ce.<br \/>Les t\u00e9n\u00e8bres de la cruaut\u00e9 recouvriront la terre et la lumi\u00e8re du soleil dispara\u00eetra.<\/p><p>\u00a0<\/p><p>La fin attend,<br \/>La survie ne peut \u00eatre pr\u00e9tendue.<\/p><p>\u00a0<\/p><p>Le temps passe et l\u2019exil de la temporalit\u00e9 s\u2019\u00e9coule le long des chemins du d\u00e9sespoir et de la<br \/>lamentation.<\/p>\t\t\t\t\t\t<\/div>\n\t\t\t\t<\/div>\n\t\t\t\t<div class=\"elementor-element elementor-element-42d0d5e elementor-widget elementor-widget-text-editor\" data-id=\"42d0d5e\" data-element_type=\"widget\" data-widget_type=\"text-editor.default\">\n\t\t\t\t<div class=\"elementor-widget-container\">\n\t\t\t\t\t\t\t<p><span style=\"vertical-align: inherit;\"><span style=\"vertical-align: inherit;\">\u00a9 Geoffroy Korn Le Bars. Tous droits r\u00e9serv\u00e9s. Ce po\u00e8me ne peut \u00eatre reproduit, distribu\u00e9, ou utilis\u00e9 de quelque mani\u00e8re que ce soit sans l&rsquo;autorisation \u00e9crite de l&rsquo;auteur.<\/span><\/span><\/p>\t\t\t\t\t\t<\/div>\n\t\t\t\t<\/div>\n\t\t\t\t\t<\/div>\n\t\t\t\t<\/div>\n\t\t<div class=\"elementor-element elementor-element-de54d0a e-flex e-con-boxed e-con e-parent\" data-id=\"de54d0a\" data-element_type=\"container\" data-settings=\"{&quot;content_width&quot;:&quot;boxed&quot;}\" data-core-v316-plus=\"true\">\n\t\t\t\t\t<div class=\"e-con-inner\">\n\t\t\t\t<div class=\"elementor-element elementor-element-ae2cfe3 lae-slider-arrow-shape-rounded-corners elementor-widget__width-initial lae-slider-arrow-placement-middle-center lae-slider-arrow-color-dark lae-slider-arrow-visibility-always elementor-widget elementor-widget-lae-posts-multislider\" data-id=\"ae2cfe3\" data-element_type=\"widget\" data-widget_type=\"lae-posts-multislider.default\">\n\t\t\t\t<div class=\"elementor-widget-container\">\n\t\t\t\r\n<div class=\"lae-posts-multislider-wrap\">\r\n    <div            id=\"lae-posts-multislider-ae2cfe3\"\r\n            class=\"lae-posts-multislider lae-container lae-posts-multislider-style-1\"\r\n            data-settings='{\"arrows\":true,\"dots\":false,\"autoplay\":false,\"autoplay_speed\":3000,\"animation_speed\":300,\"pause_on_hover\":true,\"adaptive_height\":false,\"display_columns\":3,\"scroll_columns\":3,\"tablet_width\":800,\"tablet_display_columns\":2,\"tablet_scroll_columns\":2,\"mobile_width\":480,\"mobile_display_columns\":1,\"mobile_scroll_columns\":1}'>\r\n<div class=\"lae-posts-multislider-item lae-align-middle-left\">\r\n\r\n    <article id=\"post-2879\"\r\n             class=\"lae-post-entry post-2879 post type-post status-publish format-standard has-post-thumbnail hentry category-leffondrement-du-futur category-poeme tag-ecrits entry\">\r\n\r\n        \r\n            \r\n            \r\n            \r\n            <div class=\"lae-post-overlay lae-post-featured-img-bg\"\r\n                 style=\"background-image: url(https:\/\/kornlebars.fr\/wp-content\/uploads\/2024\/07\/1.jpg); height: 100px;\">\r\n\r\n                \r\n                    <div class=\"lae-post-text-wrap\">\r\n\r\n                        <div class=\"lae-post-text\">\r\n\r\n                            \r\n                                <span class=\"lae-terms\"><a href=\"https:\/\/kornlebars.fr\/index.php\/tag\/ecrits\/\">\u00c9CRITS<\/a><\/span>\r\n                            \r\n                            \r\n                                <h3 class=\"lae-post-title\"><a href=\"https:\/\/kornlebars.fr\/index.php\/2024\/07\/15\/poeme-1-1-leveil-du-miracle\/\" title=\"Po\u00e8me 1.1 : L\u2019\u00e9veil du miracle.\" rel=\"bookmark\">Po\u00e8me 1.1 : L\u2019\u00e9veil du miracle.<\/a><\/h3>\r\n                            \r\n                            \r\n                                <div class=\"lae-post-meta\">\r\n\r\n                                    \r\n                                    \r\n                                    \r\n                                <\/div>\r\n\r\n                            \r\n                            <div class=\"lae-post-content\">\r\n\r\n                                \r\n                                \r\n                            <\/div>\r\n\r\n                        <\/div><!-- .lae-post-text -->\r\n\r\n                    <\/div>\r\n\r\n                \r\n            <\/div>\r\n\r\n        \r\n    <\/article><!-- .hentry -->\r\n\r\n<\/div><!-- .lae-posts-multislider-item -->\r\n\r\n\r\n\r\n<div class=\"lae-posts-multislider-item lae-align-middle-left\">\r\n\r\n    <article id=\"post-2894\"\r\n             class=\"lae-post-entry post-2894 post type-post status-publish format-standard has-post-thumbnail hentry category-leffondrement-du-futur category-poeme tag-ecrits entry\">\r\n\r\n        \r\n            \r\n            \r\n            \r\n            <div class=\"lae-post-overlay lae-post-featured-img-bg\"\r\n                 style=\"background-image: url(https:\/\/kornlebars.fr\/wp-content\/uploads\/2024\/07\/2.jpg); height: 100px;\">\r\n\r\n                \r\n                    <div class=\"lae-post-text-wrap\">\r\n\r\n                        <div class=\"lae-post-text\">\r\n\r\n                            \r\n                                <span class=\"lae-terms\"><a href=\"https:\/\/kornlebars.fr\/index.php\/tag\/ecrits\/\">\u00c9CRITS<\/a><\/span>\r\n                            \r\n                            \r\n                                <h3 class=\"lae-post-title\"><a href=\"https:\/\/kornlebars.fr\/index.php\/2024\/07\/15\/poeme-1-2-vers-un-autre-jour\/\" title=\"Po\u00e8me 1.2 : Vers un autre jour.\" rel=\"bookmark\">Po\u00e8me 1.2 : Vers un autre jour.<\/a><\/h3>\r\n                            \r\n                            \r\n                                <div class=\"lae-post-meta\">\r\n\r\n                                    \r\n                                    \r\n                                    \r\n                                <\/div>\r\n\r\n                            \r\n                            <div class=\"lae-post-content\">\r\n\r\n                                \r\n                                \r\n                            <\/div>\r\n\r\n                        <\/div><!-- .lae-post-text -->\r\n\r\n                    <\/div>\r\n\r\n                \r\n            <\/div>\r\n\r\n        \r\n    <\/article><!-- .hentry -->\r\n\r\n<\/div><!-- .lae-posts-multislider-item -->\r\n\r\n\r\n\r\n<div class=\"lae-posts-multislider-item lae-align-middle-left\">\r\n\r\n    <article id=\"post-2900\"\r\n             class=\"lae-post-entry post-2900 post type-post status-publish format-standard has-post-thumbnail hentry category-leffondrement-du-futur category-poeme tag-ecrits entry\">\r\n\r\n        \r\n            \r\n            \r\n            \r\n            <div class=\"lae-post-overlay lae-post-featured-img-bg\"\r\n                 style=\"background-image: url(https:\/\/kornlebars.fr\/wp-content\/uploads\/2024\/07\/3-1.jpg); height: 100px;\">\r\n\r\n                \r\n                    <div class=\"lae-post-text-wrap\">\r\n\r\n                        <div class=\"lae-post-text\">\r\n\r\n                            \r\n                                <span class=\"lae-terms\"><a href=\"https:\/\/kornlebars.fr\/index.php\/tag\/ecrits\/\">\u00c9CRITS<\/a><\/span>\r\n                            \r\n                            \r\n                                <h3 class=\"lae-post-title\"><a href=\"https:\/\/kornlebars.fr\/index.php\/2024\/07\/15\/poeme-1-3-estimation-directive\/\" title=\"Po\u00e8me 1.3 : Estimation directive.\" rel=\"bookmark\">Po\u00e8me 1.3 : Estimation directive.<\/a><\/h3>\r\n                            \r\n                            \r\n                                <div class=\"lae-post-meta\">\r\n\r\n                                    \r\n                                    \r\n                                    \r\n                                <\/div>\r\n\r\n                            \r\n                            <div class=\"lae-post-content\">\r\n\r\n                                \r\n                                \r\n                            <\/div>\r\n\r\n                        <\/div><!-- .lae-post-text -->\r\n\r\n                    <\/div>\r\n\r\n                \r\n            <\/div>\r\n\r\n        \r\n    <\/article><!-- .hentry -->\r\n\r\n<\/div><!-- .lae-posts-multislider-item -->\r\n\r\n\r\n\r\n<div class=\"lae-posts-multislider-item lae-align-middle-left\">\r\n\r\n    <article id=\"post-2906\"\r\n             class=\"lae-post-entry post-2906 post type-post status-publish format-standard has-post-thumbnail hentry category-leffondrement-du-futur category-poeme tag-ecrits entry\">\r\n\r\n        \r\n            \r\n            \r\n            \r\n            <div class=\"lae-post-overlay lae-post-featured-img-bg\"\r\n                 style=\"background-image: url(https:\/\/kornlebars.fr\/wp-content\/uploads\/2024\/07\/4-1.jpg); height: 100px;\">\r\n\r\n                \r\n                    <div class=\"lae-post-text-wrap\">\r\n\r\n                        <div class=\"lae-post-text\">\r\n\r\n                            \r\n                                <span class=\"lae-terms\"><a href=\"https:\/\/kornlebars.fr\/index.php\/tag\/ecrits\/\">\u00c9CRITS<\/a><\/span>\r\n                            \r\n                            \r\n                                <h3 class=\"lae-post-title\"><a href=\"https:\/\/kornlebars.fr\/index.php\/2024\/07\/15\/deferlement-de-la-temporalite\/\" title=\"Po\u00e8me 1.4 : D\u00e9ferlement de la temporalit\u00e9.\" rel=\"bookmark\">Po\u00e8me 1.4 : D\u00e9ferlement de la temporalit\u00e9.<\/a><\/h3>\r\n                            \r\n                            \r\n                                <div class=\"lae-post-meta\">\r\n\r\n                                    \r\n                                    \r\n                                    \r\n                                <\/div>\r\n\r\n                            \r\n                            <div class=\"lae-post-content\">\r\n\r\n                                \r\n                                \r\n                            <\/div>\r\n\r\n                        <\/div><!-- .lae-post-text -->\r\n\r\n                    <\/div>\r\n\r\n                \r\n            <\/div>\r\n\r\n        \r\n    <\/article><!-- .hentry -->\r\n\r\n<\/div><!-- .lae-posts-multislider-item -->\r\n\r\n\r\n\r\n<div class=\"lae-posts-multislider-item lae-align-middle-left\">\r\n\r\n    <article id=\"post-2915\"\r\n             class=\"lae-post-entry post-2915 post type-post status-publish format-standard has-post-thumbnail hentry category-leffondrement-du-futur category-poeme tag-ecrits entry\">\r\n\r\n        \r\n            \r\n            \r\n            \r\n            <div class=\"lae-post-overlay lae-post-featured-img-bg\"\r\n                 style=\"background-image: url(https:\/\/kornlebars.fr\/wp-content\/uploads\/2024\/07\/5-1.jpg); height: 100px;\">\r\n\r\n                \r\n                    <div class=\"lae-post-text-wrap\">\r\n\r\n                        <div class=\"lae-post-text\">\r\n\r\n                            \r\n                                <span class=\"lae-terms\"><a href=\"https:\/\/kornlebars.fr\/index.php\/tag\/ecrits\/\">\u00c9CRITS<\/a><\/span>\r\n                            \r\n                            \r\n                                <h3 class=\"lae-post-title\"><a href=\"https:\/\/kornlebars.fr\/index.php\/2024\/07\/15\/exil-temporel-de-la-cruaute\/\" title=\"Po\u00e8me 1.5 : Exil temporel de la cruaut\u00e9.\" rel=\"bookmark\">Po\u00e8me 1.5 : Exil temporel de la cruaut\u00e9.<\/a><\/h3>\r\n                            \r\n                            \r\n                                <div class=\"lae-post-meta\">\r\n\r\n                                    \r\n                                    \r\n                                    \r\n                                <\/div>\r\n\r\n                            \r\n                            <div class=\"lae-post-content\">\r\n\r\n                                \r\n                                \r\n                            <\/div>\r\n\r\n                        <\/div><!-- .lae-post-text -->\r\n\r\n                    <\/div>\r\n\r\n                \r\n            <\/div>\r\n\r\n        \r\n    <\/article><!-- .hentry -->\r\n\r\n<\/div><!-- .lae-posts-multislider-item -->\r\n\r\n\r\n\r\n<div class=\"lae-posts-multislider-item lae-align-middle-left\">\r\n\r\n    <article id=\"post-2928\"\r\n             class=\"lae-post-entry post-2928 post type-post status-publish format-standard has-post-thumbnail hentry category-leffondrement-du-futur category-poeme tag-ecrits entry\">\r\n\r\n        \r\n            \r\n            \r\n            \r\n            <div class=\"lae-post-overlay lae-post-featured-img-bg\"\r\n                 style=\"background-image: url(https:\/\/kornlebars.fr\/wp-content\/uploads\/2024\/07\/6-1.jpg); height: 100px;\">\r\n\r\n                \r\n                    <div class=\"lae-post-text-wrap\">\r\n\r\n                        <div class=\"lae-post-text\">\r\n\r\n                            \r\n                                <span class=\"lae-terms\"><a href=\"https:\/\/kornlebars.fr\/index.php\/tag\/ecrits\/\">\u00c9CRITS<\/a><\/span>\r\n                            \r\n                            \r\n                                <h3 class=\"lae-post-title\"><a href=\"https:\/\/kornlebars.fr\/index.php\/2024\/07\/15\/poeme-1-6-glorification-galactique\/\" title=\"Po\u00e8me 1.6 : Glorification galactique.\" rel=\"bookmark\">Po\u00e8me 1.6 : Glorification galactique.<\/a><\/h3>\r\n                            \r\n                            \r\n                                <div class=\"lae-post-meta\">\r\n\r\n                                    \r\n                                    \r\n                                    \r\n                                <\/div>\r\n\r\n                            \r\n                            <div class=\"lae-post-content\">\r\n\r\n                                \r\n                                \r\n                            <\/div>\r\n\r\n                        <\/div><!-- .lae-post-text -->\r\n\r\n                    <\/div>\r\n\r\n                \r\n            <\/div>\r\n\r\n        \r\n    <\/article><!-- .hentry -->\r\n\r\n<\/div><!-- .lae-posts-multislider-item -->\r\n\r\n\r\n\r\n<div class=\"lae-posts-multislider-item lae-align-middle-left\">\r\n\r\n    <article id=\"post-2935\"\r\n             class=\"lae-post-entry post-2935 post type-post status-publish format-standard has-post-thumbnail hentry category-leffondrement-du-futur category-poeme tag-ecrits entry\">\r\n\r\n        \r\n            \r\n            \r\n            \r\n            <div class=\"lae-post-overlay lae-post-featured-img-bg\"\r\n                 style=\"background-image: url(https:\/\/kornlebars.fr\/wp-content\/uploads\/2024\/07\/7-1.jpg); height: 100px;\">\r\n\r\n                \r\n                    <div class=\"lae-post-text-wrap\">\r\n\r\n                        <div class=\"lae-post-text\">\r\n\r\n                            \r\n                                <span class=\"lae-terms\"><a href=\"https:\/\/kornlebars.fr\/index.php\/tag\/ecrits\/\">\u00c9CRITS<\/a><\/span>\r\n                            \r\n                            \r\n                                <h3 class=\"lae-post-title\"><a href=\"https:\/\/kornlebars.fr\/index.php\/2024\/07\/15\/poeme-1-7-recit-naturaliste-interieure\/\" title=\"Po\u00e8me 1.7 : R\u00e9cit naturaliste int\u00e9rieure.\" rel=\"bookmark\">Po\u00e8me 1.7 : R\u00e9cit naturaliste int\u00e9rieure.<\/a><\/h3>\r\n                            \r\n                            \r\n                                <div class=\"lae-post-meta\">\r\n\r\n                                    \r\n                                    \r\n                                    \r\n                                <\/div>\r\n\r\n                            \r\n                            <div class=\"lae-post-content\">\r\n\r\n                                \r\n                                \r\n                            <\/div>\r\n\r\n                        <\/div><!-- .lae-post-text -->\r\n\r\n                    <\/div>\r\n\r\n                \r\n            <\/div>\r\n\r\n        \r\n    <\/article><!-- .hentry -->\r\n\r\n<\/div><!-- .lae-posts-multislider-item -->\r\n\r\n\r\n    <\/div><!-- .lae-posts-multislider -->\r\n\r\n<\/div><!-- .lae-posts-multislider-wrap -->\t\t<\/div>\n\t\t\t\t<\/div>\n\t\t\t\t\t<\/div>\n\t\t\t\t<\/div>\n\t\t<div class=\"elementor-element elementor-element-4eb6b44 e-flex e-con-boxed e-con e-parent\" data-id=\"4eb6b44\" data-element_type=\"container\" data-settings=\"{&quot;content_width&quot;:&quot;boxed&quot;}\" data-core-v316-plus=\"true\">\n\t\t\t\t\t<div class=\"e-con-inner\">\n\t\t\t\t\t<\/div>\n\t\t\t\t<\/div>\n\t\t\t\t<\/div>\n\t\t","protected":false},"excerpt":{"rendered":"<p>Po\u00e8me 5 : Exil temporel de la cruaut\u00e9. Po\u00e8me 5 Les murmures de la farce ne font qu\u2019\u00e9largir les abysses de la cruaut\u00e9 dans ses heures les plussombres.Telle que l\u2019ombre de la cruaut\u00e9 monstrueuse recouvre la montagne de son angoissant manteau.Dans la p\u00e9nombre du tunnel empeste la sauvagerie d\u2019une menace fatale et dans l\u2019obscurit\u00e9 sedessine&hellip; <a class=\"more-link\" href=\"https:\/\/kornlebars.fr\/index.php\/2024\/07\/15\/poeme-1-7-recit-naturaliste-interieure\/\">Poursuivre la lecture <span class=\"screen-reader-text\">Po\u00e8me 1.7 : R\u00e9cit naturaliste int\u00e9rieure.<\/span><\/a><\/p>\n","protected":false},"author":1,"featured_media":2920,"comment_status":"closed","ping_status":"closed","sticky":false,"template":"elementor_header_footer","format":"standard","meta":{"footnotes":""},"categories":[57,58],"tags":[67],"class_list":["post-2915","post","type-post","status-publish","format-standard","has-post-thumbnail","hentry","category-leffondrement-du-futur","category-poeme","tag-ecrits","entry"],"yoast_head":"<!-- This site is optimized with the Yoast SEO plugin v22.1 - https:\/\/yoast.com\/wordpress\/plugins\/seo\/ -->\n<title>Po\u00e8me 1.5 : Exil temporel de la cruaut\u00e9. - Korn Le Bars<\/title>\n<meta name=\"robots\" content=\"index, follow, max-snippet:-1, max-image-preview:large, max-video-preview:-1\" \/>\n<link rel=\"canonical\" href=\"https:\/\/kornlebars.fr\/index.php\/2024\/07\/15\/exil-temporel-de-la-cruaute\/\" \/>\n<meta property=\"og:locale\" content=\"fr_FR\" \/>\n<meta property=\"og:type\" content=\"article\" \/>\n<meta property=\"og:title\" content=\"Po\u00e8me 1.5 : Exil temporel de la cruaut\u00e9. - Korn Le Bars\" \/>\n<meta property=\"og:description\" content=\"Po\u00e8me 5 : Exil temporel de la cruaut\u00e9. Po\u00e8me 5 Les murmures de la farce ne font qu\u2019\u00e9largir les abysses de la cruaut\u00e9 dans ses heures les plussombres.Telle que l\u2019ombre de la cruaut\u00e9 monstrueuse recouvre la montagne de son angoissant manteau.Dans la p\u00e9nombre du tunnel empeste la sauvagerie d\u2019une menace fatale et dans l\u2019obscurit\u00e9 sedessine&hellip; Poursuivre la lecture Po\u00e8me 1.7 : R\u00e9cit naturaliste int\u00e9rieure.\" \/>\n<meta property=\"og:url\" content=\"https:\/\/kornlebars.fr\/index.php\/2024\/07\/15\/exil-temporel-de-la-cruaute\/\" \/>\n<meta property=\"og:site_name\" content=\"Korn Le Bars\" \/>\n<meta property=\"article:published_time\" content=\"2024-07-15T12:01:39+00:00\" \/>\n<meta property=\"article:modified_time\" content=\"2025-05-27T17:28:34+00:00\" \/>\n<meta property=\"og:image\" content=\"http:\/\/kornlebars.fr\/wp-content\/uploads\/2024\/07\/5-1.jpg\" \/>\n\t<meta property=\"og:image:width\" content=\"200\" \/>\n\t<meta property=\"og:image:height\" content=\"200\" \/>\n\t<meta property=\"og:image:type\" content=\"image\/jpeg\" \/>\n<meta name=\"author\" content=\"admin3941\" \/>\n<meta name=\"twitter:card\" content=\"summary_large_image\" \/>\n<meta name=\"twitter:label1\" content=\"\u00c9crit par\" \/>\n\t<meta name=\"twitter:data1\" content=\"admin3941\" \/>\n\t<meta name=\"twitter:label2\" content=\"Dur\u00e9e de lecture estim\u00e9e\" \/>\n\t<meta name=\"twitter:data2\" content=\"6 minutes\" \/>\n<script type=\"application\/ld+json\" class=\"yoast-schema-graph\">{\"@context\":\"https:\/\/schema.org\",\"@graph\":[{\"@type\":\"Article\",\"@id\":\"https:\/\/kornlebars.fr\/index.php\/2024\/07\/15\/exil-temporel-de-la-cruaute\/#article\",\"isPartOf\":{\"@id\":\"https:\/\/kornlebars.fr\/index.php\/2024\/07\/15\/exil-temporel-de-la-cruaute\/\"},\"author\":{\"name\":\"admin3941\",\"@id\":\"https:\/\/kornlebars.fr\/#\/schema\/person\/68652dfe8060d634ae2c989175cbc79a\"},\"headline\":\"Po\u00e8me 1.5 : Exil temporel de la cruaut\u00e9.\",\"datePublished\":\"2024-07-15T12:01:39+00:00\",\"dateModified\":\"2025-05-27T17:28:34+00:00\",\"mainEntityOfPage\":{\"@id\":\"https:\/\/kornlebars.fr\/index.php\/2024\/07\/15\/exil-temporel-de-la-cruaute\/\"},\"wordCount\":1093,\"publisher\":{\"@id\":\"https:\/\/kornlebars.fr\/#organization\"},\"keywords\":[\"\u00c9CRITS\"],\"articleSection\":[\"L\u2019effondrement du futur\",\"Partie I\u00a0: \u00c9lan vital (2019-21).\"],\"inLanguage\":\"fr-FR\"},{\"@type\":\"WebPage\",\"@id\":\"https:\/\/kornlebars.fr\/index.php\/2024\/07\/15\/exil-temporel-de-la-cruaute\/\",\"url\":\"https:\/\/kornlebars.fr\/index.php\/2024\/07\/15\/exil-temporel-de-la-cruaute\/\",\"name\":\"Po\u00e8me 1.5 : Exil temporel de la cruaut\u00e9. - Korn Le Bars\",\"isPartOf\":{\"@id\":\"https:\/\/kornlebars.fr\/#website\"},\"datePublished\":\"2024-07-15T12:01:39+00:00\",\"dateModified\":\"2025-05-27T17:28:34+00:00\",\"breadcrumb\":{\"@id\":\"https:\/\/kornlebars.fr\/index.php\/2024\/07\/15\/exil-temporel-de-la-cruaute\/#breadcrumb\"},\"inLanguage\":\"fr-FR\",\"potentialAction\":[{\"@type\":\"ReadAction\",\"target\":[\"https:\/\/kornlebars.fr\/index.php\/2024\/07\/15\/exil-temporel-de-la-cruaute\/\"]}]},{\"@type\":\"BreadcrumbList\",\"@id\":\"https:\/\/kornlebars.fr\/index.php\/2024\/07\/15\/exil-temporel-de-la-cruaute\/#breadcrumb\",\"itemListElement\":[{\"@type\":\"ListItem\",\"position\":1,\"name\":\"Accueil\",\"item\":\"https:\/\/kornlebars.fr\/\"},{\"@type\":\"ListItem\",\"position\":2,\"name\":\"Po\u00e8me 1.5 : Exil temporel de la cruaut\u00e9.\"}]},{\"@type\":\"WebSite\",\"@id\":\"https:\/\/kornlebars.fr\/#website\",\"url\":\"https:\/\/kornlebars.fr\/\",\"name\":\"Korn Le Bars\",\"description\":\"Artiste - Auteur\",\"publisher\":{\"@id\":\"https:\/\/kornlebars.fr\/#organization\"},\"potentialAction\":[{\"@type\":\"SearchAction\",\"target\":{\"@type\":\"EntryPoint\",\"urlTemplate\":\"https:\/\/kornlebars.fr\/?s={search_term_string}\"},\"query-input\":\"required name=search_term_string\"}],\"inLanguage\":\"fr-FR\"},{\"@type\":\"Organization\",\"@id\":\"https:\/\/kornlebars.fr\/#organization\",\"name\":\"Korn Le Bars\",\"url\":\"https:\/\/kornlebars.fr\/\",\"logo\":{\"@type\":\"ImageObject\",\"inLanguage\":\"fr-FR\",\"@id\":\"https:\/\/kornlebars.fr\/#\/schema\/logo\/image\/\",\"url\":\"https:\/\/kornlebars.fr\/wp-content\/uploads\/2024\/02\/cropped-cropped-cropped-cropped-Plan-de-travail-11.png\",\"contentUrl\":\"https:\/\/kornlebars.fr\/wp-content\/uploads\/2024\/02\/cropped-cropped-cropped-cropped-Plan-de-travail-11.png\",\"width\":701,\"height\":598,\"caption\":\"Korn Le Bars\"},\"image\":{\"@id\":\"https:\/\/kornlebars.fr\/#\/schema\/logo\/image\/\"}},{\"@type\":\"Person\",\"@id\":\"https:\/\/kornlebars.fr\/#\/schema\/person\/68652dfe8060d634ae2c989175cbc79a\",\"name\":\"admin3941\",\"image\":{\"@type\":\"ImageObject\",\"inLanguage\":\"fr-FR\",\"@id\":\"https:\/\/kornlebars.fr\/#\/schema\/person\/image\/\",\"url\":\"https:\/\/secure.gravatar.com\/avatar\/1bb43a08730e4a5e35bd8231abd314109747ab0d2e3bffa098e2e5d78142e44d?s=96&d=mm&r=g\",\"contentUrl\":\"https:\/\/secure.gravatar.com\/avatar\/1bb43a08730e4a5e35bd8231abd314109747ab0d2e3bffa098e2e5d78142e44d?s=96&d=mm&r=g\",\"caption\":\"admin3941\"},\"sameAs\":[\"http:\/\/kornlebars.fr\"],\"url\":\"https:\/\/kornlebars.fr\/index.php\/author\/admin3941\/\"}]}<\/script>\n<!-- \/ Yoast SEO plugin. -->","yoast_head_json":{"title":"Po\u00e8me 1.5 : Exil temporel de la cruaut\u00e9. - Korn Le Bars","robots":{"index":"index","follow":"follow","max-snippet":"max-snippet:-1","max-image-preview":"max-image-preview:large","max-video-preview":"max-video-preview:-1"},"canonical":"https:\/\/kornlebars.fr\/index.php\/2024\/07\/15\/exil-temporel-de-la-cruaute\/","og_locale":"fr_FR","og_type":"article","og_title":"Po\u00e8me 1.5 : Exil temporel de la cruaut\u00e9. - Korn Le Bars","og_description":"Po\u00e8me 5 : Exil temporel de la cruaut\u00e9. Po\u00e8me 5 Les murmures de la farce ne font qu\u2019\u00e9largir les abysses de la cruaut\u00e9 dans ses heures les plussombres.Telle que l\u2019ombre de la cruaut\u00e9 monstrueuse recouvre la montagne de son angoissant manteau.Dans la p\u00e9nombre du tunnel empeste la sauvagerie d\u2019une menace fatale et dans l\u2019obscurit\u00e9 sedessine&hellip; Poursuivre la lecture Po\u00e8me 1.7 : R\u00e9cit naturaliste int\u00e9rieure.","og_url":"https:\/\/kornlebars.fr\/index.php\/2024\/07\/15\/exil-temporel-de-la-cruaute\/","og_site_name":"Korn Le Bars","article_published_time":"2024-07-15T12:01:39+00:00","article_modified_time":"2025-05-27T17:28:34+00:00","og_image":[{"width":200,"height":200,"url":"http:\/\/kornlebars.fr\/wp-content\/uploads\/2024\/07\/5-1.jpg","type":"image\/jpeg"}],"author":"admin3941","twitter_card":"summary_large_image","twitter_misc":{"\u00c9crit par":"admin3941","Dur\u00e9e de lecture estim\u00e9e":"6 minutes"},"schema":{"@context":"https:\/\/schema.org","@graph":[{"@type":"Article","@id":"https:\/\/kornlebars.fr\/index.php\/2024\/07\/15\/exil-temporel-de-la-cruaute\/#article","isPartOf":{"@id":"https:\/\/kornlebars.fr\/index.php\/2024\/07\/15\/exil-temporel-de-la-cruaute\/"},"author":{"name":"admin3941","@id":"https:\/\/kornlebars.fr\/#\/schema\/person\/68652dfe8060d634ae2c989175cbc79a"},"headline":"Po\u00e8me 1.5 : Exil temporel de la cruaut\u00e9.","datePublished":"2024-07-15T12:01:39+00:00","dateModified":"2025-05-27T17:28:34+00:00","mainEntityOfPage":{"@id":"https:\/\/kornlebars.fr\/index.php\/2024\/07\/15\/exil-temporel-de-la-cruaute\/"},"wordCount":1093,"publisher":{"@id":"https:\/\/kornlebars.fr\/#organization"},"keywords":["\u00c9CRITS"],"articleSection":["L\u2019effondrement du futur","Partie I\u00a0: \u00c9lan vital (2019-21)."],"inLanguage":"fr-FR"},{"@type":"WebPage","@id":"https:\/\/kornlebars.fr\/index.php\/2024\/07\/15\/exil-temporel-de-la-cruaute\/","url":"https:\/\/kornlebars.fr\/index.php\/2024\/07\/15\/exil-temporel-de-la-cruaute\/","name":"Po\u00e8me 1.5 : Exil temporel de la cruaut\u00e9. - Korn Le Bars","isPartOf":{"@id":"https:\/\/kornlebars.fr\/#website"},"datePublished":"2024-07-15T12:01:39+00:00","dateModified":"2025-05-27T17:28:34+00:00","breadcrumb":{"@id":"https:\/\/kornlebars.fr\/index.php\/2024\/07\/15\/exil-temporel-de-la-cruaute\/#breadcrumb"},"inLanguage":"fr-FR","potentialAction":[{"@type":"ReadAction","target":["https:\/\/kornlebars.fr\/index.php\/2024\/07\/15\/exil-temporel-de-la-cruaute\/"]}]},{"@type":"BreadcrumbList","@id":"https:\/\/kornlebars.fr\/index.php\/2024\/07\/15\/exil-temporel-de-la-cruaute\/#breadcrumb","itemListElement":[{"@type":"ListItem","position":1,"name":"Accueil","item":"https:\/\/kornlebars.fr\/"},{"@type":"ListItem","position":2,"name":"Po\u00e8me 1.5 : Exil temporel de la cruaut\u00e9."}]},{"@type":"WebSite","@id":"https:\/\/kornlebars.fr\/#website","url":"https:\/\/kornlebars.fr\/","name":"Korn Le Bars","description":"Artiste - Auteur","publisher":{"@id":"https:\/\/kornlebars.fr\/#organization"},"potentialAction":[{"@type":"SearchAction","target":{"@type":"EntryPoint","urlTemplate":"https:\/\/kornlebars.fr\/?s={search_term_string}"},"query-input":"required name=search_term_string"}],"inLanguage":"fr-FR"},{"@type":"Organization","@id":"https:\/\/kornlebars.fr\/#organization","name":"Korn Le Bars","url":"https:\/\/kornlebars.fr\/","logo":{"@type":"ImageObject","inLanguage":"fr-FR","@id":"https:\/\/kornlebars.fr\/#\/schema\/logo\/image\/","url":"https:\/\/kornlebars.fr\/wp-content\/uploads\/2024\/02\/cropped-cropped-cropped-cropped-Plan-de-travail-11.png","contentUrl":"https:\/\/kornlebars.fr\/wp-content\/uploads\/2024\/02\/cropped-cropped-cropped-cropped-Plan-de-travail-11.png","width":701,"height":598,"caption":"Korn Le Bars"},"image":{"@id":"https:\/\/kornlebars.fr\/#\/schema\/logo\/image\/"}},{"@type":"Person","@id":"https:\/\/kornlebars.fr\/#\/schema\/person\/68652dfe8060d634ae2c989175cbc79a","name":"admin3941","image":{"@type":"ImageObject","inLanguage":"fr-FR","@id":"https:\/\/kornlebars.fr\/#\/schema\/person\/image\/","url":"https:\/\/secure.gravatar.com\/avatar\/1bb43a08730e4a5e35bd8231abd314109747ab0d2e3bffa098e2e5d78142e44d?s=96&d=mm&r=g","contentUrl":"https:\/\/secure.gravatar.com\/avatar\/1bb43a08730e4a5e35bd8231abd314109747ab0d2e3bffa098e2e5d78142e44d?s=96&d=mm&r=g","caption":"admin3941"},"sameAs":["http:\/\/kornlebars.fr"],"url":"https:\/\/kornlebars.fr\/index.php\/author\/admin3941\/"}]}},"_links":{"self":[{"href":"https:\/\/kornlebars.fr\/index.php\/wp-json\/wp\/v2\/posts\/2915","targetHints":{"allow":["GET"]}}],"collection":[{"href":"https:\/\/kornlebars.fr\/index.php\/wp-json\/wp\/v2\/posts"}],"about":[{"href":"https:\/\/kornlebars.fr\/index.php\/wp-json\/wp\/v2\/types\/post"}],"author":[{"embeddable":true,"href":"https:\/\/kornlebars.fr\/index.php\/wp-json\/wp\/v2\/users\/1"}],"replies":[{"embeddable":true,"href":"https:\/\/kornlebars.fr\/index.php\/wp-json\/wp\/v2\/comments?post=2915"}],"version-history":[{"count":22,"href":"https:\/\/kornlebars.fr\/index.php\/wp-json\/wp\/v2\/posts\/2915\/revisions"}],"predecessor-version":[{"id":5475,"href":"https:\/\/kornlebars.fr\/index.php\/wp-json\/wp\/v2\/posts\/2915\/revisions\/5475"}],"wp:featuredmedia":[{"embeddable":true,"href":"https:\/\/kornlebars.fr\/index.php\/wp-json\/wp\/v2\/media\/2920"}],"wp:attachment":[{"href":"https:\/\/kornlebars.fr\/index.php\/wp-json\/wp\/v2\/media?parent=2915"}],"wp:term":[{"taxonomy":"category","embeddable":true,"href":"https:\/\/kornlebars.fr\/index.php\/wp-json\/wp\/v2\/categories?post=2915"},{"taxonomy":"post_tag","embeddable":true,"href":"https:\/\/kornlebars.fr\/index.php\/wp-json\/wp\/v2\/tags?post=2915"}],"curies":[{"name":"wp","href":"https:\/\/api.w.org\/{rel}","templated":true}]}}