{"id":3096,"date":"2024-07-20T15:54:45","date_gmt":"2024-07-20T13:54:45","guid":{"rendered":"https:\/\/kornlebars.fr\/?p=3096"},"modified":"2024-08-28T17:34:22","modified_gmt":"2024-08-28T15:34:22","slug":"poeme-1-13-trait-abstrait","status":"publish","type":"post","link":"https:\/\/kornlebars.fr\/index.php\/2024\/07\/20\/poeme-1-13-trait-abstrait\/","title":{"rendered":"Po\u00e8me 1.13 : Trait abstrait."},"content":{"rendered":"\t\t<div data-elementor-type=\"wp-post\" data-elementor-id=\"3096\" class=\"elementor elementor-3096\">\n\t\t\t\t<div class=\"elementor-element elementor-element-498cd35 e-flex e-con-boxed e-con e-parent\" data-id=\"498cd35\" data-element_type=\"container\" data-settings=\"{&quot;content_width&quot;:&quot;boxed&quot;}\" data-core-v316-plus=\"true\">\n\t\t\t\t\t<div class=\"e-con-inner\">\n\t\t\t\t<div class=\"elementor-element elementor-element-52b0d8c elementor-widget elementor-widget-heading\" data-id=\"52b0d8c\" data-element_type=\"widget\" data-widget_type=\"heading.default\">\n\t\t\t\t<div class=\"elementor-widget-container\">\n\t\t\t<style>\/*! elementor - v3.19.0 - 07-02-2024 *\/\n.elementor-heading-title{padding:0;margin:0;line-height:1}.elementor-widget-heading .elementor-heading-title[class*=elementor-size-]>a{color:inherit;font-size:inherit;line-height:inherit}.elementor-widget-heading .elementor-heading-title.elementor-size-small{font-size:15px}.elementor-widget-heading .elementor-heading-title.elementor-size-medium{font-size:19px}.elementor-widget-heading .elementor-heading-title.elementor-size-large{font-size:29px}.elementor-widget-heading .elementor-heading-title.elementor-size-xl{font-size:39px}.elementor-widget-heading .elementor-heading-title.elementor-size-xxl{font-size:59px}<\/style><h1 class=\"elementor-heading-title elementor-size-default\">Po\u00e8me 13 : Trait abstrait.<\/h1>\t\t<\/div>\n\t\t\t\t<\/div>\n\t\t\t\t<div class=\"elementor-element elementor-element-4d385d7 elementor-widget-divider--view-line_text elementor-widget-divider--element-align-center elementor-widget elementor-widget-divider\" data-id=\"4d385d7\" data-element_type=\"widget\" data-widget_type=\"divider.default\">\n\t\t\t\t<div class=\"elementor-widget-container\">\n\t\t\t<style>\/*! elementor - v3.19.0 - 07-02-2024 *\/\n.elementor-widget-divider{--divider-border-style:none;--divider-border-width:1px;--divider-color:#0c0d0e;--divider-icon-size:20px;--divider-element-spacing:10px;--divider-pattern-height:24px;--divider-pattern-size:20px;--divider-pattern-url:none;--divider-pattern-repeat:repeat-x}.elementor-widget-divider .elementor-divider{display:flex}.elementor-widget-divider .elementor-divider__text{font-size:15px;line-height:1;max-width:95%}.elementor-widget-divider .elementor-divider__element{margin:0 var(--divider-element-spacing);flex-shrink:0}.elementor-widget-divider .elementor-icon{font-size:var(--divider-icon-size)}.elementor-widget-divider .elementor-divider-separator{display:flex;margin:0;direction:ltr}.elementor-widget-divider--view-line_icon .elementor-divider-separator,.elementor-widget-divider--view-line_text .elementor-divider-separator{align-items:center}.elementor-widget-divider--view-line_icon .elementor-divider-separator:after,.elementor-widget-divider--view-line_icon .elementor-divider-separator:before,.elementor-widget-divider--view-line_text .elementor-divider-separator:after,.elementor-widget-divider--view-line_text .elementor-divider-separator:before{display:block;content:\"\";border-block-end:0;flex-grow:1;border-block-start:var(--divider-border-width) var(--divider-border-style) var(--divider-color)}.elementor-widget-divider--element-align-left .elementor-divider .elementor-divider-separator>.elementor-divider__svg:first-of-type{flex-grow:0;flex-shrink:100}.elementor-widget-divider--element-align-left .elementor-divider-separator:before{content:none}.elementor-widget-divider--element-align-left .elementor-divider__element{margin-left:0}.elementor-widget-divider--element-align-right .elementor-divider .elementor-divider-separator>.elementor-divider__svg:last-of-type{flex-grow:0;flex-shrink:100}.elementor-widget-divider--element-align-right .elementor-divider-separator:after{content:none}.elementor-widget-divider--element-align-right .elementor-divider__element{margin-right:0}.elementor-widget-divider--element-align-start .elementor-divider .elementor-divider-separator>.elementor-divider__svg:first-of-type{flex-grow:0;flex-shrink:100}.elementor-widget-divider--element-align-start .elementor-divider-separator:before{content:none}.elementor-widget-divider--element-align-start .elementor-divider__element{margin-inline-start:0}.elementor-widget-divider--element-align-end .elementor-divider .elementor-divider-separator>.elementor-divider__svg:last-of-type{flex-grow:0;flex-shrink:100}.elementor-widget-divider--element-align-end .elementor-divider-separator:after{content:none}.elementor-widget-divider--element-align-end .elementor-divider__element{margin-inline-end:0}.elementor-widget-divider:not(.elementor-widget-divider--view-line_text):not(.elementor-widget-divider--view-line_icon) .elementor-divider-separator{border-block-start:var(--divider-border-width) var(--divider-border-style) var(--divider-color)}.elementor-widget-divider--separator-type-pattern{--divider-border-style:none}.elementor-widget-divider--separator-type-pattern.elementor-widget-divider--view-line .elementor-divider-separator,.elementor-widget-divider--separator-type-pattern:not(.elementor-widget-divider--view-line) .elementor-divider-separator:after,.elementor-widget-divider--separator-type-pattern:not(.elementor-widget-divider--view-line) .elementor-divider-separator:before,.elementor-widget-divider--separator-type-pattern:not([class*=elementor-widget-divider--view]) .elementor-divider-separator{width:100%;min-height:var(--divider-pattern-height);-webkit-mask-size:var(--divider-pattern-size) 100%;mask-size:var(--divider-pattern-size) 100%;-webkit-mask-repeat:var(--divider-pattern-repeat);mask-repeat:var(--divider-pattern-repeat);background-color:var(--divider-color);-webkit-mask-image:var(--divider-pattern-url);mask-image:var(--divider-pattern-url)}.elementor-widget-divider--no-spacing{--divider-pattern-size:auto}.elementor-widget-divider--bg-round{--divider-pattern-repeat:round}.rtl .elementor-widget-divider .elementor-divider__text{direction:rtl}.e-con-inner>.elementor-widget-divider,.e-con>.elementor-widget-divider{width:var(--container-widget-width,100%);--flex-grow:var(--container-widget-flex-grow)}<\/style>\t\t<div class=\"elementor-divider\">\n\t\t\t<span class=\"elementor-divider-separator\">\n\t\t\t\t\t\t\t<h2 class=\"elementor-divider__text elementor-divider__element\">\n\t\t\t\tPo\u00e8me 13\t\t\t\t<\/h2>\n\t\t\t\t\t\t<\/span>\n\t\t<\/div>\n\t\t\t\t<\/div>\n\t\t\t\t<\/div>\n\t\t\t\t<div class=\"elementor-element elementor-element-ce86d8d elementor-widget__width-inherit elementor-widget elementor-widget-text-editor\" data-id=\"ce86d8d\" data-element_type=\"widget\" data-widget_type=\"text-editor.default\">\n\t\t\t\t<div class=\"elementor-widget-container\">\n\t\t\t<style>\/*! elementor - v3.19.0 - 07-02-2024 *\/\n.elementor-widget-text-editor.elementor-drop-cap-view-stacked .elementor-drop-cap{background-color:#69727d;color:#fff}.elementor-widget-text-editor.elementor-drop-cap-view-framed .elementor-drop-cap{color:#69727d;border:3px solid;background-color:transparent}.elementor-widget-text-editor:not(.elementor-drop-cap-view-default) .elementor-drop-cap{margin-top:8px}.elementor-widget-text-editor:not(.elementor-drop-cap-view-default) .elementor-drop-cap-letter{width:1em;height:1em}.elementor-widget-text-editor .elementor-drop-cap{float:left;text-align:center;line-height:1;font-size:50px}.elementor-widget-text-editor .elementor-drop-cap-letter{display:inline-block}<\/style>\t\t\t\t<p>P\u00e9riodiques des \u00e9l\u00e9ments<br \/>D\u00e9filant sur une page.<\/p><p><br \/>Politique de l\u2019espace dans l\u2019\u00e2ge.<br \/>Il y a de l\u2019espoir au firmament.<\/p><p><br \/>Adoration d\u2019un long m\u00e9trage<br \/>Qui suspend la construction.<\/p><p><br \/>\u00c9corcher la couleur<\/p><p>Qui parade une formation.<\/p><p><br \/>L\u2019\u00e9ventail de l\u2019euphorique ardeur<br \/>Tient en pr\u00e9sage le suppl\u00e9ment.<\/p><p><br \/>D\u00e9tonation, r\u00e9volution, cr\u00e9ation<br \/>Et toute une ribambelle d\u2019actions<br \/>Pour longtemps\u2026<\/p><p><br \/>Explorer des milliers de possibilit\u00e9s<br \/>Et l\u2019impasse des verbes franchit<br \/>Les couleurs de l\u2019adverbe enracin\u00e9.<br \/>Prodige, enchantement de face<br \/>Premier lieu dans un rugissement<br \/>D\u2019une mani\u00e8re glaciale.<\/p><p><br \/>Entrevoir des chemins nouveaux<br \/>Aux horizons multiples<br \/>Bifurquant avec un trop-plein de mots,<br \/>Les pluriels prennent un p\u00e9riple.<\/p>\t\t\t\t\t\t<\/div>\n\t\t\t\t<\/div>\n\t\t\t\t<div class=\"elementor-element elementor-element-1c4b908 elementor-widget elementor-widget-text-editor\" data-id=\"1c4b908\" data-element_type=\"widget\" data-widget_type=\"text-editor.default\">\n\t\t\t\t<div class=\"elementor-widget-container\">\n\t\t\t\t\t\t\t<p>\u00a9 Geoffroy Korn Le Bars. Tous droits r\u00e9serv\u00e9s. Ce po\u00e8me ne peut \u00eatre reproduit, distribu\u00e9, ou utilis\u00e9 de quelque mani\u00e8re que ce soit sans l&rsquo;autorisation \u00e9crite de l&rsquo;auteur<\/p>\t\t\t\t\t\t<\/div>\n\t\t\t\t<\/div>\n\t\t\t\t\t<\/div>\n\t\t\t\t<\/div>\n\t\t<div class=\"elementor-element elementor-element-de54d0a e-flex e-con-boxed e-con e-parent\" data-id=\"de54d0a\" data-element_type=\"container\" data-settings=\"{&quot;content_width&quot;:&quot;boxed&quot;}\" data-core-v316-plus=\"true\">\n\t\t\t\t\t<div class=\"e-con-inner\">\n\t\t\t\t<div class=\"elementor-element elementor-element-ae2cfe3 lae-slider-arrow-shape-rounded-corners elementor-widget__width-initial lae-slider-arrow-placement-middle-center lae-slider-arrow-color-dark lae-slider-arrow-visibility-always elementor-widget elementor-widget-lae-posts-multislider\" data-id=\"ae2cfe3\" data-element_type=\"widget\" data-widget_type=\"lae-posts-multislider.default\">\n\t\t\t\t<div class=\"elementor-widget-container\">\n\t\t\t\r\n<div class=\"lae-posts-multislider-wrap\">\r\n    <div            id=\"lae-posts-multislider-ae2cfe3\"\r\n            class=\"lae-posts-multislider lae-container lae-posts-multislider-style-1\"\r\n            data-settings='{\"arrows\":true,\"dots\":false,\"autoplay\":false,\"autoplay_speed\":3000,\"animation_speed\":300,\"pause_on_hover\":true,\"adaptive_height\":false,\"display_columns\":3,\"scroll_columns\":3,\"tablet_width\":800,\"tablet_display_columns\":2,\"tablet_scroll_columns\":2,\"mobile_width\":480,\"mobile_display_columns\":1,\"mobile_scroll_columns\":1}'>\r\n<div class=\"lae-posts-multislider-item lae-align-middle-left\">\r\n\r\n    <article id=\"post-2960\"\r\n             class=\"lae-post-entry post-2960 post type-post status-publish format-standard has-post-thumbnail hentry category-poeme-2 tag-ecrits entry\">\r\n\r\n        \r\n            \r\n            \r\n            \r\n            <div class=\"lae-post-overlay lae-post-featured-img-bg\"\r\n                 style=\"background-image: url(https:\/\/kornlebars.fr\/wp-content\/uploads\/2024\/07\/7-1.jpg); height: 100px;\">\r\n\r\n                \r\n                    <div class=\"lae-post-text-wrap\">\r\n\r\n                        <div class=\"lae-post-text\">\r\n\r\n                            \r\n                                <span class=\"lae-terms\"><a href=\"https:\/\/kornlebars.fr\/index.php\/tag\/ecrits\/\">\u00c9CRITS<\/a><\/span>\r\n                            \r\n                            \r\n                                <h3 class=\"lae-post-title\"><a href=\"https:\/\/kornlebars.fr\/index.php\/2024\/07\/20\/poeme-1-1-existence\/\" title=\"Po\u00e8me 1.1\u00a0: Existence.\" rel=\"bookmark\">Po\u00e8me 1.1\u00a0: Existence.<\/a><\/h3>\r\n                            \r\n                            \r\n                                <div class=\"lae-post-meta\">\r\n\r\n                                    \r\n                                    \r\n                                    \r\n                                <\/div>\r\n\r\n                            \r\n                            <div class=\"lae-post-content\">\r\n\r\n                                \r\n                                \r\n                            <\/div>\r\n\r\n                        <\/div><!-- .lae-post-text -->\r\n\r\n                    <\/div>\r\n\r\n                \r\n            <\/div>\r\n\r\n        \r\n    <\/article><!-- .hentry -->\r\n\r\n<\/div><!-- .lae-posts-multislider-item -->\r\n\r\n\r\n\r\n<div class=\"lae-posts-multislider-item lae-align-middle-left\">\r\n\r\n    <article id=\"post-2971\"\r\n             class=\"lae-post-entry post-2971 post type-post status-publish format-standard has-post-thumbnail hentry category-poeme-2 tag-ecrits entry\">\r\n\r\n        \r\n            \r\n            \r\n            \r\n            <div class=\"lae-post-overlay lae-post-featured-img-bg\"\r\n                 style=\"background-image: url(https:\/\/kornlebars.fr\/wp-content\/uploads\/2024\/07\/2-1.jpg); height: 100px;\">\r\n\r\n                \r\n                    <div class=\"lae-post-text-wrap\">\r\n\r\n                        <div class=\"lae-post-text\">\r\n\r\n                            \r\n                                <span class=\"lae-terms\"><a href=\"https:\/\/kornlebars.fr\/index.php\/tag\/ecrits\/\">\u00c9CRITS<\/a><\/span>\r\n                            \r\n                            \r\n                                <h3 class=\"lae-post-title\"><a href=\"https:\/\/kornlebars.fr\/index.php\/2024\/07\/20\/poeme-1-2-scene\/\" title=\"Po\u00e8me 1.2\u00a0: Sc\u00e8ne.\" rel=\"bookmark\">Po\u00e8me 1.2\u00a0: Sc\u00e8ne.<\/a><\/h3>\r\n                            \r\n                            \r\n                                <div class=\"lae-post-meta\">\r\n\r\n                                    \r\n                                    \r\n                                    \r\n                                <\/div>\r\n\r\n                            \r\n                            <div class=\"lae-post-content\">\r\n\r\n                                \r\n                                \r\n                            <\/div>\r\n\r\n                        <\/div><!-- .lae-post-text -->\r\n\r\n                    <\/div>\r\n\r\n                \r\n            <\/div>\r\n\r\n        \r\n    <\/article><!-- .hentry -->\r\n\r\n<\/div><!-- .lae-posts-multislider-item -->\r\n\r\n\r\n\r\n<div class=\"lae-posts-multislider-item lae-align-middle-left\">\r\n\r\n    <article id=\"post-2973\"\r\n             class=\"lae-post-entry post-2973 post type-post status-publish format-standard has-post-thumbnail hentry category-poeme-2 tag-ecrits entry\">\r\n\r\n        \r\n            \r\n            \r\n            \r\n            <div class=\"lae-post-overlay lae-post-featured-img-bg\"\r\n                 style=\"background-image: url(https:\/\/kornlebars.fr\/wp-content\/uploads\/2024\/07\/3-2.jpg); height: 100px;\">\r\n\r\n                \r\n                    <div class=\"lae-post-text-wrap\">\r\n\r\n                        <div class=\"lae-post-text\">\r\n\r\n                            \r\n                                <span class=\"lae-terms\"><a href=\"https:\/\/kornlebars.fr\/index.php\/tag\/ecrits\/\">\u00c9CRITS<\/a><\/span>\r\n                            \r\n                            \r\n                                <h3 class=\"lae-post-title\"><a href=\"https:\/\/kornlebars.fr\/index.php\/2024\/07\/20\/poeme-1-3-la-note\/\" title=\"Po\u00e8me 1.3\u00a0: La note.\" rel=\"bookmark\">Po\u00e8me 1.3\u00a0: La note.<\/a><\/h3>\r\n                            \r\n                            \r\n                                <div class=\"lae-post-meta\">\r\n\r\n                                    \r\n                                    \r\n                                    \r\n                                <\/div>\r\n\r\n                            \r\n                            <div class=\"lae-post-content\">\r\n\r\n                                \r\n                                \r\n                            <\/div>\r\n\r\n                        <\/div><!-- .lae-post-text -->\r\n\r\n                    <\/div>\r\n\r\n                \r\n            <\/div>\r\n\r\n        \r\n    <\/article><!-- .hentry -->\r\n\r\n<\/div><!-- .lae-posts-multislider-item -->\r\n\r\n\r\n\r\n<div class=\"lae-posts-multislider-item lae-align-middle-left\">\r\n\r\n    <article id=\"post-2978\"\r\n             class=\"lae-post-entry post-2978 post type-post status-publish format-standard has-post-thumbnail hentry category-poeme-2 tag-ecrits entry\">\r\n\r\n        \r\n            \r\n            \r\n            \r\n            <div class=\"lae-post-overlay lae-post-featured-img-bg\"\r\n                 style=\"background-image: url(https:\/\/kornlebars.fr\/wp-content\/uploads\/2024\/07\/4-2.jpg); height: 100px;\">\r\n\r\n                \r\n                    <div class=\"lae-post-text-wrap\">\r\n\r\n                        <div class=\"lae-post-text\">\r\n\r\n                            \r\n                                <span class=\"lae-terms\"><a href=\"https:\/\/kornlebars.fr\/index.php\/tag\/ecrits\/\">\u00c9CRITS<\/a><\/span>\r\n                            \r\n                            \r\n                                <h3 class=\"lae-post-title\"><a href=\"https:\/\/kornlebars.fr\/index.php\/2024\/07\/20\/poeme-1-4-lorsquil-faut-attendre\/\" title=\"Po\u00e8me 1.4 : Lorsqu\u2019il faut attendre.\" rel=\"bookmark\">Po\u00e8me 1.4 : Lorsqu\u2019il faut attendre.<\/a><\/h3>\r\n                            \r\n                            \r\n                                <div class=\"lae-post-meta\">\r\n\r\n                                    \r\n                                    \r\n                                    \r\n                                <\/div>\r\n\r\n                            \r\n                            <div class=\"lae-post-content\">\r\n\r\n                                \r\n                                \r\n                            <\/div>\r\n\r\n                        <\/div><!-- .lae-post-text -->\r\n\r\n                    <\/div>\r\n\r\n                \r\n            <\/div>\r\n\r\n        \r\n    <\/article><!-- .hentry -->\r\n\r\n<\/div><!-- .lae-posts-multislider-item -->\r\n\r\n\r\n\r\n<div class=\"lae-posts-multislider-item lae-align-middle-left\">\r\n\r\n    <article id=\"post-2996\"\r\n             class=\"lae-post-entry post-2996 post type-post status-publish format-standard has-post-thumbnail hentry category-poeme-2 tag-ecrits entry\">\r\n\r\n        \r\n            \r\n            \r\n            \r\n            <div class=\"lae-post-overlay lae-post-featured-img-bg\"\r\n                 style=\"background-image: url(https:\/\/kornlebars.fr\/wp-content\/uploads\/2024\/07\/6-2.jpg); height: 100px;\">\r\n\r\n                \r\n                    <div class=\"lae-post-text-wrap\">\r\n\r\n                        <div class=\"lae-post-text\">\r\n\r\n                            \r\n                                <span class=\"lae-terms\"><a href=\"https:\/\/kornlebars.fr\/index.php\/tag\/ecrits\/\">\u00c9CRITS<\/a><\/span>\r\n                            \r\n                            \r\n                                <h3 class=\"lae-post-title\"><a href=\"https:\/\/kornlebars.fr\/index.php\/2024\/07\/20\/poeme-1-5-quelque-fois-dans-les-airs\/\" title=\"Po\u00e8me 1.6 : Quand il fait beau.\" rel=\"bookmark\">Po\u00e8me 1.6 : Quand il fait beau.<\/a><\/h3>\r\n                            \r\n                            \r\n                                <div class=\"lae-post-meta\">\r\n\r\n                                    \r\n                                    \r\n                                    \r\n                                <\/div>\r\n\r\n                            \r\n                            <div class=\"lae-post-content\">\r\n\r\n                                \r\n                                \r\n                            <\/div>\r\n\r\n                        <\/div><!-- .lae-post-text -->\r\n\r\n                    <\/div>\r\n\r\n                \r\n            <\/div>\r\n\r\n        \r\n    <\/article><!-- .hentry -->\r\n\r\n<\/div><!-- .lae-posts-multislider-item -->\r\n\r\n\r\n\r\n<div class=\"lae-posts-multislider-item lae-align-middle-left\">\r\n\r\n    <article id=\"post-3005\"\r\n             class=\"lae-post-entry post-3005 post type-post status-publish format-standard has-post-thumbnail hentry category-poeme-2 tag-ecrits entry\">\r\n\r\n        \r\n            \r\n            \r\n            \r\n            <div class=\"lae-post-overlay lae-post-featured-img-bg\"\r\n                 style=\"background-image: url(https:\/\/kornlebars.fr\/wp-content\/uploads\/2024\/07\/5-2.jpg); height: 100px;\">\r\n\r\n                \r\n                    <div class=\"lae-post-text-wrap\">\r\n\r\n                        <div class=\"lae-post-text\">\r\n\r\n                            \r\n                                <span class=\"lae-terms\"><a href=\"https:\/\/kornlebars.fr\/index.php\/tag\/ecrits\/\">\u00c9CRITS<\/a><\/span>\r\n                            \r\n                            \r\n                                <h3 class=\"lae-post-title\"><a href=\"https:\/\/kornlebars.fr\/index.php\/2024\/07\/20\/poeme-1-5-quelque-fois-dans-les-airs-2\/\" title=\"Po\u00e8me 1.5 : Quelque fois dans les airs.\" rel=\"bookmark\">Po\u00e8me 1.5 : Quelque fois dans les airs.<\/a><\/h3>\r\n                            \r\n                            \r\n                                <div class=\"lae-post-meta\">\r\n\r\n                                    \r\n                                    \r\n                                    \r\n                                <\/div>\r\n\r\n                            \r\n                            <div class=\"lae-post-content\">\r\n\r\n                                \r\n                                \r\n                            <\/div>\r\n\r\n                        <\/div><!-- .lae-post-text -->\r\n\r\n                    <\/div>\r\n\r\n                \r\n            <\/div>\r\n\r\n        \r\n    <\/article><!-- .hentry -->\r\n\r\n<\/div><!-- .lae-posts-multislider-item -->\r\n\r\n\r\n\r\n<div class=\"lae-posts-multislider-item lae-align-middle-left\">\r\n\r\n    <article id=\"post-3049\"\r\n             class=\"lae-post-entry post-3049 post type-post status-publish format-standard has-post-thumbnail hentry category-poeme-2 tag-ecrits entry\">\r\n\r\n        \r\n            \r\n            \r\n            \r\n            <div class=\"lae-post-overlay lae-post-featured-img-bg\"\r\n                 style=\"background-image: url(https:\/\/kornlebars.fr\/wp-content\/uploads\/2024\/07\/7-2.jpg); height: 100px;\">\r\n\r\n                \r\n                    <div class=\"lae-post-text-wrap\">\r\n\r\n                        <div class=\"lae-post-text\">\r\n\r\n                            \r\n                                <span class=\"lae-terms\"><a href=\"https:\/\/kornlebars.fr\/index.php\/tag\/ecrits\/\">\u00c9CRITS<\/a><\/span>\r\n                            \r\n                            \r\n                                <h3 class=\"lae-post-title\"><a href=\"https:\/\/kornlebars.fr\/index.php\/2024\/07\/20\/poeme-1-8-letang-du-ciel-2\/\" title=\"Po\u00e8me 1.8 : L\u2019\u00e9tang du ciel.\" rel=\"bookmark\">Po\u00e8me 1.8 : L\u2019\u00e9tang du ciel.<\/a><\/h3>\r\n                            \r\n                            \r\n                                <div class=\"lae-post-meta\">\r\n\r\n                                    \r\n                                    \r\n                                    \r\n                                <\/div>\r\n\r\n                            \r\n                            <div class=\"lae-post-content\">\r\n\r\n                                \r\n                                \r\n                            <\/div>\r\n\r\n                        <\/div><!-- .lae-post-text -->\r\n\r\n                    <\/div>\r\n\r\n                \r\n            <\/div>\r\n\r\n        \r\n    <\/article><!-- .hentry -->\r\n\r\n<\/div><!-- .lae-posts-multislider-item -->\r\n\r\n\r\n\r\n<div class=\"lae-posts-multislider-item lae-align-middle-left\">\r\n\r\n    <article id=\"post-3056\"\r\n             class=\"lae-post-entry post-3056 post type-post status-publish format-standard has-post-thumbnail hentry category-poeme-2 tag-ecrits entry\">\r\n\r\n        \r\n            \r\n            \r\n            \r\n            <div class=\"lae-post-overlay lae-post-featured-img-bg\"\r\n                 style=\"background-image: url(https:\/\/kornlebars.fr\/wp-content\/uploads\/2024\/07\/9-1.jpg); height: 100px;\">\r\n\r\n                \r\n                    <div class=\"lae-post-text-wrap\">\r\n\r\n                        <div class=\"lae-post-text\">\r\n\r\n                            \r\n                                <span class=\"lae-terms\"><a href=\"https:\/\/kornlebars.fr\/index.php\/tag\/ecrits\/\">\u00c9CRITS<\/a><\/span>\r\n                            \r\n                            \r\n                                <h3 class=\"lae-post-title\"><a href=\"https:\/\/kornlebars.fr\/index.php\/2024\/07\/20\/poeme-1-9-paysage-de-sens\/\" title=\"Po\u00e8me 1.9 : Paysage de sens.\" rel=\"bookmark\">Po\u00e8me 1.9 : Paysage de sens.<\/a><\/h3>\r\n                            \r\n                            \r\n                                <div class=\"lae-post-meta\">\r\n\r\n                                    \r\n                                    \r\n                                    \r\n                                <\/div>\r\n\r\n                            \r\n                            <div class=\"lae-post-content\">\r\n\r\n                                \r\n                                \r\n                            <\/div>\r\n\r\n                        <\/div><!-- .lae-post-text -->\r\n\r\n                    <\/div>\r\n\r\n                \r\n            <\/div>\r\n\r\n        \r\n    <\/article><!-- .hentry -->\r\n\r\n<\/div><!-- .lae-posts-multislider-item -->\r\n\r\n\r\n\r\n<div class=\"lae-posts-multislider-item lae-align-middle-left\">\r\n\r\n    <article id=\"post-3064\"\r\n             class=\"lae-post-entry post-3064 post type-post status-publish format-standard has-post-thumbnail hentry category-poeme-2 tag-ecrits entry\">\r\n\r\n        \r\n            \r\n            \r\n            \r\n            <div class=\"lae-post-overlay lae-post-featured-img-bg\"\r\n                 style=\"background-image: url(https:\/\/kornlebars.fr\/wp-content\/uploads\/2024\/07\/10-1.jpg); height: 100px;\">\r\n\r\n                \r\n                    <div class=\"lae-post-text-wrap\">\r\n\r\n                        <div class=\"lae-post-text\">\r\n\r\n                            \r\n                                <span class=\"lae-terms\"><a href=\"https:\/\/kornlebars.fr\/index.php\/tag\/ecrits\/\">\u00c9CRITS<\/a><\/span>\r\n                            \r\n                            \r\n                                <h3 class=\"lae-post-title\"><a href=\"https:\/\/kornlebars.fr\/index.php\/2024\/07\/20\/poeme-1-10-larbre-songeur\/\" title=\"Po\u00e8me 1.10: L\u2019arbre songeur.\" rel=\"bookmark\">Po\u00e8me 1.10: L\u2019arbre songeur.<\/a><\/h3>\r\n                            \r\n                            \r\n                                <div class=\"lae-post-meta\">\r\n\r\n                                    \r\n                                    \r\n                                    \r\n                                <\/div>\r\n\r\n                            \r\n                            <div class=\"lae-post-content\">\r\n\r\n                                \r\n                                \r\n                            <\/div>\r\n\r\n                        <\/div><!-- .lae-post-text -->\r\n\r\n                    <\/div>\r\n\r\n                \r\n            <\/div>\r\n\r\n        \r\n    <\/article><!-- .hentry -->\r\n\r\n<\/div><!-- .lae-posts-multislider-item -->\r\n\r\n\r\n\r\n<div class=\"lae-posts-multislider-item lae-align-middle-left\">\r\n\r\n    <article id=\"post-3079\"\r\n             class=\"lae-post-entry post-3079 post type-post status-publish format-standard has-post-thumbnail hentry category-poeme-2 tag-ecrits entry\">\r\n\r\n        \r\n            \r\n            \r\n            \r\n            <div class=\"lae-post-overlay lae-post-featured-img-bg\"\r\n                 style=\"background-image: url(https:\/\/kornlebars.fr\/wp-content\/uploads\/2024\/07\/11-1.jpg); height: 100px;\">\r\n\r\n                \r\n                    <div class=\"lae-post-text-wrap\">\r\n\r\n                        <div class=\"lae-post-text\">\r\n\r\n                            \r\n                                <span class=\"lae-terms\"><a href=\"https:\/\/kornlebars.fr\/index.php\/tag\/ecrits\/\">\u00c9CRITS<\/a><\/span>\r\n                            \r\n                            \r\n                                <h3 class=\"lae-post-title\"><a href=\"https:\/\/kornlebars.fr\/index.php\/2024\/07\/20\/poeme-1-11-le-jardin-de-la-cruaute\/\" title=\"Po\u00e8me 1.11: Le jardin de la cruaut\u00e9.\" rel=\"bookmark\">Po\u00e8me 1.11: Le jardin de la cruaut\u00e9.<\/a><\/h3>\r\n                            \r\n                            \r\n                                <div class=\"lae-post-meta\">\r\n\r\n                                    \r\n                                    \r\n                                    \r\n                                <\/div>\r\n\r\n                            \r\n                            <div class=\"lae-post-content\">\r\n\r\n                                \r\n                                \r\n                            <\/div>\r\n\r\n                        <\/div><!-- .lae-post-text -->\r\n\r\n                    <\/div>\r\n\r\n                \r\n            <\/div>\r\n\r\n        \r\n    <\/article><!-- .hentry -->\r\n\r\n<\/div><!-- .lae-posts-multislider-item -->\r\n\r\n\r\n\r\n<div class=\"lae-posts-multislider-item lae-align-middle-left\">\r\n\r\n    <article id=\"post-3085\"\r\n             class=\"lae-post-entry post-3085 post type-post status-publish format-standard has-post-thumbnail hentry category-poeme-2 tag-ecrits entry\">\r\n\r\n        \r\n            \r\n            \r\n            \r\n            <div class=\"lae-post-overlay lae-post-featured-img-bg\"\r\n                 style=\"background-image: url(https:\/\/kornlebars.fr\/wp-content\/uploads\/2024\/07\/11-1.jpg); height: 100px;\">\r\n\r\n                \r\n                    <div class=\"lae-post-text-wrap\">\r\n\r\n                        <div class=\"lae-post-text\">\r\n\r\n                            \r\n                                <span class=\"lae-terms\"><a href=\"https:\/\/kornlebars.fr\/index.php\/tag\/ecrits\/\">\u00c9CRITS<\/a><\/span>\r\n                            \r\n                            \r\n                                <h3 class=\"lae-post-title\"><a href=\"https:\/\/kornlebars.fr\/index.php\/2024\/07\/20\/poeme-1-12-couleur-arc-en-ciel\/\" title=\"Po\u00e8me 1.12: Couleur arc-en-ciel.\" rel=\"bookmark\">Po\u00e8me 1.12: Couleur arc-en-ciel.<\/a><\/h3>\r\n                            \r\n                            \r\n                                <div class=\"lae-post-meta\">\r\n\r\n                                    \r\n                                    \r\n                                    \r\n                                <\/div>\r\n\r\n                            \r\n                            <div class=\"lae-post-content\">\r\n\r\n                                \r\n                                \r\n                            <\/div>\r\n\r\n                        <\/div><!-- .lae-post-text -->\r\n\r\n                    <\/div>\r\n\r\n                \r\n            <\/div>\r\n\r\n        \r\n    <\/article><!-- .hentry -->\r\n\r\n<\/div><!-- .lae-posts-multislider-item -->\r\n\r\n\r\n\r\n<div class=\"lae-posts-multislider-item lae-align-middle-left\">\r\n\r\n    <article id=\"post-3096\"\r\n             class=\"lae-post-entry post-3096 post type-post status-publish format-standard has-post-thumbnail hentry category-poeme-2 tag-ecrits entry\">\r\n\r\n        \r\n            \r\n            \r\n            \r\n            <div class=\"lae-post-overlay lae-post-featured-img-bg\"\r\n                 style=\"background-image: url(https:\/\/kornlebars.fr\/wp-content\/uploads\/2024\/07\/13-1.jpg); height: 100px;\">\r\n\r\n                \r\n                    <div class=\"lae-post-text-wrap\">\r\n\r\n                        <div class=\"lae-post-text\">\r\n\r\n                            \r\n                                <span class=\"lae-terms\"><a href=\"https:\/\/kornlebars.fr\/index.php\/tag\/ecrits\/\">\u00c9CRITS<\/a><\/span>\r\n                            \r\n                            \r\n                                <h3 class=\"lae-post-title\"><a href=\"https:\/\/kornlebars.fr\/index.php\/2024\/07\/20\/poeme-1-13-trait-abstrait\/\" title=\"Po\u00e8me 1.13 : Trait abstrait.\" rel=\"bookmark\">Po\u00e8me 1.13 : Trait abstrait.<\/a><\/h3>\r\n                            \r\n                            \r\n                                <div class=\"lae-post-meta\">\r\n\r\n                                    \r\n                                    \r\n                                    \r\n                                <\/div>\r\n\r\n                            \r\n                            <div class=\"lae-post-content\">\r\n\r\n                                \r\n                                \r\n                            <\/div>\r\n\r\n                        <\/div><!-- .lae-post-text -->\r\n\r\n                    <\/div>\r\n\r\n                \r\n            <\/div>\r\n\r\n        \r\n    <\/article><!-- .hentry -->\r\n\r\n<\/div><!-- .lae-posts-multislider-item -->\r\n\r\n\r\n\r\n<div class=\"lae-posts-multislider-item lae-align-middle-left\">\r\n\r\n    <article id=\"post-3106\"\r\n             class=\"lae-post-entry post-3106 post type-post status-publish format-standard has-post-thumbnail hentry category-poeme-2 tag-ecrits entry\">\r\n\r\n        \r\n            \r\n            \r\n            \r\n            <div class=\"lae-post-overlay lae-post-featured-img-bg\"\r\n                 style=\"background-image: url(https:\/\/kornlebars.fr\/wp-content\/uploads\/2024\/07\/13-1.jpg); height: 100px;\">\r\n\r\n                \r\n                    <div class=\"lae-post-text-wrap\">\r\n\r\n                        <div class=\"lae-post-text\">\r\n\r\n                            \r\n                                <span class=\"lae-terms\"><a href=\"https:\/\/kornlebars.fr\/index.php\/tag\/ecrits\/\">\u00c9CRITS<\/a><\/span>\r\n                            \r\n                            \r\n                                <h3 class=\"lae-post-title\"><a href=\"https:\/\/kornlebars.fr\/index.php\/2024\/07\/20\/poeme-1-14-marginal-en-exil\/\" title=\"Po\u00e8me 1.14 : Marginal en exil.\" rel=\"bookmark\">Po\u00e8me 1.14 : Marginal en exil.<\/a><\/h3>\r\n                            \r\n                            \r\n                                <div class=\"lae-post-meta\">\r\n\r\n                                    \r\n                                    \r\n                                    \r\n                                <\/div>\r\n\r\n                            \r\n                            <div class=\"lae-post-content\">\r\n\r\n                                \r\n                                \r\n                            <\/div>\r\n\r\n                        <\/div><!-- .lae-post-text -->\r\n\r\n                    <\/div>\r\n\r\n                \r\n            <\/div>\r\n\r\n        \r\n    <\/article><!-- .hentry -->\r\n\r\n<\/div><!-- .lae-posts-multislider-item -->\r\n\r\n\r\n\r\n<div class=\"lae-posts-multislider-item lae-align-middle-left\">\r\n\r\n    <article id=\"post-3114\"\r\n             class=\"lae-post-entry post-3114 post type-post status-publish format-standard has-post-thumbnail hentry category-poeme-2 tag-ecrits entry\">\r\n\r\n        \r\n            \r\n            \r\n            \r\n            <div class=\"lae-post-overlay lae-post-featured-img-bg\"\r\n                 style=\"background-image: url(https:\/\/kornlebars.fr\/wp-content\/uploads\/2024\/07\/14-1.jpg); height: 100px;\">\r\n\r\n                \r\n                    <div class=\"lae-post-text-wrap\">\r\n\r\n                        <div class=\"lae-post-text\">\r\n\r\n                            \r\n                                <span class=\"lae-terms\"><a href=\"https:\/\/kornlebars.fr\/index.php\/tag\/ecrits\/\">\u00c9CRITS<\/a><\/span>\r\n                            \r\n                            \r\n                                <h3 class=\"lae-post-title\"><a href=\"https:\/\/kornlebars.fr\/index.php\/2024\/07\/20\/poeme-1-15-solitude-du-present\/\" title=\"Po\u00e8me 1.15 : Solitude du pr\u00e9sent\" rel=\"bookmark\">Po\u00e8me 1.15 : Solitude du pr\u00e9sent<\/a><\/h3>\r\n                            \r\n                            \r\n                                <div class=\"lae-post-meta\">\r\n\r\n                                    \r\n                                    \r\n                                    \r\n                                <\/div>\r\n\r\n                            \r\n                            <div class=\"lae-post-content\">\r\n\r\n                                \r\n                                \r\n                            <\/div>\r\n\r\n                        <\/div><!-- .lae-post-text -->\r\n\r\n                    <\/div>\r\n\r\n                \r\n            <\/div>\r\n\r\n        \r\n    <\/article><!-- .hentry -->\r\n\r\n<\/div><!-- .lae-posts-multislider-item -->\r\n\r\n\r\n\r\n<div class=\"lae-posts-multislider-item lae-align-middle-left\">\r\n\r\n    <article id=\"post-4335\"\r\n             class=\"lae-post-entry post-4335 post type-post status-publish format-standard has-post-thumbnail hentry category-poeme-2 tag-ecrits entry\">\r\n\r\n        \r\n            \r\n            \r\n            \r\n            <div class=\"lae-post-overlay lae-post-featured-img-bg\"\r\n                 style=\"background-image: url(https:\/\/kornlebars.fr\/wp-content\/uploads\/2024\/07\/6-2.jpg); height: 100px;\">\r\n\r\n                \r\n                    <div class=\"lae-post-text-wrap\">\r\n\r\n                        <div class=\"lae-post-text\">\r\n\r\n                            \r\n                                <span class=\"lae-terms\"><a href=\"https:\/\/kornlebars.fr\/index.php\/tag\/ecrits\/\">\u00c9CRITS<\/a><\/span>\r\n                            \r\n                            \r\n                                <h3 class=\"lae-post-title\"><a href=\"https:\/\/kornlebars.fr\/index.php\/2024\/08\/26\/poeme-1-7-le-temps-qui-passe\/\" title=\"Po\u00e8me 1.7 : Le temps qui passe.\" rel=\"bookmark\">Po\u00e8me 1.7 : Le temps qui passe.<\/a><\/h3>\r\n                            \r\n                            \r\n                                <div class=\"lae-post-meta\">\r\n\r\n                                    \r\n                                    \r\n                                    \r\n                                <\/div>\r\n\r\n                            \r\n                            <div class=\"lae-post-content\">\r\n\r\n                                \r\n                                \r\n                            <\/div>\r\n\r\n                        <\/div><!-- .lae-post-text -->\r\n\r\n                    <\/div>\r\n\r\n                \r\n            <\/div>\r\n\r\n        \r\n    <\/article><!-- .hentry -->\r\n\r\n<\/div><!-- .lae-posts-multislider-item -->\r\n\r\n\r\n    <\/div><!-- .lae-posts-multislider -->\r\n\r\n<\/div><!-- .lae-posts-multislider-wrap -->\t\t<\/div>\n\t\t\t\t<\/div>\n\t\t\t\t\t<\/div>\n\t\t\t\t<\/div>\n\t\t\t\t<\/div>\n\t\t","protected":false},"excerpt":{"rendered":"<p>Po\u00e8me 13 : Trait abstrait. Po\u00e8me 13 P\u00e9riodiques des \u00e9l\u00e9mentsD\u00e9filant sur une page. Politique de l\u2019espace dans l\u2019\u00e2ge.Il y a de l\u2019espoir au firmament. Adoration d\u2019un long m\u00e9trageQui suspend la construction. \u00c9corcher la couleur Qui parade une formation. L\u2019\u00e9ventail de l\u2019euphorique ardeurTient en pr\u00e9sage le suppl\u00e9ment. D\u00e9tonation, r\u00e9volution, cr\u00e9ationEt toute une ribambelle d\u2019actionsPour longtemps\u2026 Explorer&hellip; <a class=\"more-link\" href=\"https:\/\/kornlebars.fr\/index.php\/2024\/08\/26\/poeme-1-7-le-temps-qui-passe\/\">Poursuivre la lecture <span class=\"screen-reader-text\">Po\u00e8me 1.7 : Le temps qui passe.<\/span><\/a><\/p>\n","protected":false},"author":1,"featured_media":3102,"comment_status":"closed","ping_status":"closed","sticky":false,"template":"elementor_header_footer","format":"standard","meta":{"footnotes":""},"categories":[60],"tags":[67],"class_list":["post-3096","post","type-post","status-publish","format-standard","has-post-thumbnail","hentry","category-poeme-2","tag-ecrits","entry"],"yoast_head":"<!-- This site is optimized with the Yoast SEO plugin v22.1 - https:\/\/yoast.com\/wordpress\/plugins\/seo\/ -->\n<title>Po\u00e8me 1.13 : Trait abstrait. - Korn Le Bars<\/title>\n<meta name=\"robots\" content=\"index, follow, max-snippet:-1, max-image-preview:large, max-video-preview:-1\" \/>\n<link rel=\"canonical\" href=\"https:\/\/kornlebars.fr\/index.php\/2024\/07\/20\/poeme-1-13-trait-abstrait\/\" \/>\n<meta property=\"og:locale\" content=\"fr_FR\" \/>\n<meta property=\"og:type\" content=\"article\" \/>\n<meta property=\"og:title\" content=\"Po\u00e8me 1.13 : Trait abstrait. - Korn Le Bars\" \/>\n<meta property=\"og:description\" content=\"Po\u00e8me 13 : Trait abstrait. Po\u00e8me 13 P\u00e9riodiques des \u00e9l\u00e9mentsD\u00e9filant sur une page. Politique de l\u2019espace dans l\u2019\u00e2ge.Il y a de l\u2019espoir au firmament. Adoration d\u2019un long m\u00e9trageQui suspend la construction. \u00c9corcher la couleur Qui parade une formation. L\u2019\u00e9ventail de l\u2019euphorique ardeurTient en pr\u00e9sage le suppl\u00e9ment. D\u00e9tonation, r\u00e9volution, cr\u00e9ationEt toute une ribambelle d\u2019actionsPour longtemps\u2026 Explorer&hellip; Poursuivre la lecture Po\u00e8me 1.7 : Le temps qui passe.\" \/>\n<meta property=\"og:url\" content=\"https:\/\/kornlebars.fr\/index.php\/2024\/07\/20\/poeme-1-13-trait-abstrait\/\" \/>\n<meta property=\"og:site_name\" content=\"Korn Le Bars\" \/>\n<meta property=\"article:published_time\" content=\"2024-07-20T13:54:45+00:00\" \/>\n<meta property=\"article:modified_time\" content=\"2024-08-28T15:34:22+00:00\" \/>\n<meta property=\"og:image\" content=\"http:\/\/kornlebars.fr\/wp-content\/uploads\/2024\/07\/13-1.jpg\" \/>\n\t<meta property=\"og:image:width\" content=\"200\" \/>\n\t<meta property=\"og:image:height\" content=\"200\" \/>\n\t<meta property=\"og:image:type\" content=\"image\/jpeg\" \/>\n<meta name=\"author\" content=\"admin3941\" \/>\n<meta name=\"twitter:card\" content=\"summary_large_image\" \/>\n<meta name=\"twitter:label1\" content=\"\u00c9crit par\" \/>\n\t<meta name=\"twitter:data1\" content=\"admin3941\" \/>\n\t<meta name=\"twitter:label2\" content=\"Dur\u00e9e de lecture estim\u00e9e\" \/>\n\t<meta name=\"twitter:data2\" content=\"2 minutes\" \/>\n<script type=\"application\/ld+json\" class=\"yoast-schema-graph\">{\"@context\":\"https:\/\/schema.org\",\"@graph\":[{\"@type\":\"Article\",\"@id\":\"https:\/\/kornlebars.fr\/index.php\/2024\/07\/20\/poeme-1-13-trait-abstrait\/#article\",\"isPartOf\":{\"@id\":\"https:\/\/kornlebars.fr\/index.php\/2024\/07\/20\/poeme-1-13-trait-abstrait\/\"},\"author\":{\"name\":\"admin3941\",\"@id\":\"https:\/\/kornlebars.fr\/#\/schema\/person\/68652dfe8060d634ae2c989175cbc79a\"},\"headline\":\"Po\u00e8me 1.13 : Trait abstrait.\",\"datePublished\":\"2024-07-20T13:54:45+00:00\",\"dateModified\":\"2024-08-28T15:34:22+00:00\",\"mainEntityOfPage\":{\"@id\":\"https:\/\/kornlebars.fr\/index.php\/2024\/07\/20\/poeme-1-13-trait-abstrait\/\"},\"wordCount\":243,\"publisher\":{\"@id\":\"https:\/\/kornlebars.fr\/#organization\"},\"keywords\":[\"\u00c9CRITS\"],\"articleSection\":[\"Partie II\u00a0: Reconstruire les pens\u00e9es \u00e9vasives (2021-22).\"],\"inLanguage\":\"fr-FR\"},{\"@type\":\"WebPage\",\"@id\":\"https:\/\/kornlebars.fr\/index.php\/2024\/07\/20\/poeme-1-13-trait-abstrait\/\",\"url\":\"https:\/\/kornlebars.fr\/index.php\/2024\/07\/20\/poeme-1-13-trait-abstrait\/\",\"name\":\"Po\u00e8me 1.13 : Trait abstrait. - Korn Le Bars\",\"isPartOf\":{\"@id\":\"https:\/\/kornlebars.fr\/#website\"},\"datePublished\":\"2024-07-20T13:54:45+00:00\",\"dateModified\":\"2024-08-28T15:34:22+00:00\",\"breadcrumb\":{\"@id\":\"https:\/\/kornlebars.fr\/index.php\/2024\/07\/20\/poeme-1-13-trait-abstrait\/#breadcrumb\"},\"inLanguage\":\"fr-FR\",\"potentialAction\":[{\"@type\":\"ReadAction\",\"target\":[\"https:\/\/kornlebars.fr\/index.php\/2024\/07\/20\/poeme-1-13-trait-abstrait\/\"]}]},{\"@type\":\"BreadcrumbList\",\"@id\":\"https:\/\/kornlebars.fr\/index.php\/2024\/07\/20\/poeme-1-13-trait-abstrait\/#breadcrumb\",\"itemListElement\":[{\"@type\":\"ListItem\",\"position\":1,\"name\":\"Accueil\",\"item\":\"https:\/\/kornlebars.fr\/\"},{\"@type\":\"ListItem\",\"position\":2,\"name\":\"Po\u00e8me 1.13 : Trait abstrait.\"}]},{\"@type\":\"WebSite\",\"@id\":\"https:\/\/kornlebars.fr\/#website\",\"url\":\"https:\/\/kornlebars.fr\/\",\"name\":\"Korn Le Bars\",\"description\":\"Artiste - Auteur\",\"publisher\":{\"@id\":\"https:\/\/kornlebars.fr\/#organization\"},\"potentialAction\":[{\"@type\":\"SearchAction\",\"target\":{\"@type\":\"EntryPoint\",\"urlTemplate\":\"https:\/\/kornlebars.fr\/?s={search_term_string}\"},\"query-input\":\"required name=search_term_string\"}],\"inLanguage\":\"fr-FR\"},{\"@type\":\"Organization\",\"@id\":\"https:\/\/kornlebars.fr\/#organization\",\"name\":\"Korn Le Bars\",\"url\":\"https:\/\/kornlebars.fr\/\",\"logo\":{\"@type\":\"ImageObject\",\"inLanguage\":\"fr-FR\",\"@id\":\"https:\/\/kornlebars.fr\/#\/schema\/logo\/image\/\",\"url\":\"https:\/\/kornlebars.fr\/wp-content\/uploads\/2024\/02\/cropped-cropped-cropped-cropped-Plan-de-travail-11.png\",\"contentUrl\":\"https:\/\/kornlebars.fr\/wp-content\/uploads\/2024\/02\/cropped-cropped-cropped-cropped-Plan-de-travail-11.png\",\"width\":701,\"height\":598,\"caption\":\"Korn Le Bars\"},\"image\":{\"@id\":\"https:\/\/kornlebars.fr\/#\/schema\/logo\/image\/\"}},{\"@type\":\"Person\",\"@id\":\"https:\/\/kornlebars.fr\/#\/schema\/person\/68652dfe8060d634ae2c989175cbc79a\",\"name\":\"admin3941\",\"image\":{\"@type\":\"ImageObject\",\"inLanguage\":\"fr-FR\",\"@id\":\"https:\/\/kornlebars.fr\/#\/schema\/person\/image\/\",\"url\":\"https:\/\/secure.gravatar.com\/avatar\/1bb43a08730e4a5e35bd8231abd314109747ab0d2e3bffa098e2e5d78142e44d?s=96&d=mm&r=g\",\"contentUrl\":\"https:\/\/secure.gravatar.com\/avatar\/1bb43a08730e4a5e35bd8231abd314109747ab0d2e3bffa098e2e5d78142e44d?s=96&d=mm&r=g\",\"caption\":\"admin3941\"},\"sameAs\":[\"http:\/\/kornlebars.fr\"],\"url\":\"https:\/\/kornlebars.fr\/index.php\/author\/admin3941\/\"}]}<\/script>\n<!-- \/ Yoast SEO plugin. -->","yoast_head_json":{"title":"Po\u00e8me 1.13 : Trait abstrait. - Korn Le Bars","robots":{"index":"index","follow":"follow","max-snippet":"max-snippet:-1","max-image-preview":"max-image-preview:large","max-video-preview":"max-video-preview:-1"},"canonical":"https:\/\/kornlebars.fr\/index.php\/2024\/07\/20\/poeme-1-13-trait-abstrait\/","og_locale":"fr_FR","og_type":"article","og_title":"Po\u00e8me 1.13 : Trait abstrait. - Korn Le Bars","og_description":"Po\u00e8me 13 : Trait abstrait. Po\u00e8me 13 P\u00e9riodiques des \u00e9l\u00e9mentsD\u00e9filant sur une page. Politique de l\u2019espace dans l\u2019\u00e2ge.Il y a de l\u2019espoir au firmament. Adoration d\u2019un long m\u00e9trageQui suspend la construction. \u00c9corcher la couleur Qui parade une formation. L\u2019\u00e9ventail de l\u2019euphorique ardeurTient en pr\u00e9sage le suppl\u00e9ment. D\u00e9tonation, r\u00e9volution, cr\u00e9ationEt toute une ribambelle d\u2019actionsPour longtemps\u2026 Explorer&hellip; Poursuivre la lecture Po\u00e8me 1.7 : Le temps qui passe.","og_url":"https:\/\/kornlebars.fr\/index.php\/2024\/07\/20\/poeme-1-13-trait-abstrait\/","og_site_name":"Korn Le Bars","article_published_time":"2024-07-20T13:54:45+00:00","article_modified_time":"2024-08-28T15:34:22+00:00","og_image":[{"width":200,"height":200,"url":"http:\/\/kornlebars.fr\/wp-content\/uploads\/2024\/07\/13-1.jpg","type":"image\/jpeg"}],"author":"admin3941","twitter_card":"summary_large_image","twitter_misc":{"\u00c9crit par":"admin3941","Dur\u00e9e de lecture estim\u00e9e":"2 minutes"},"schema":{"@context":"https:\/\/schema.org","@graph":[{"@type":"Article","@id":"https:\/\/kornlebars.fr\/index.php\/2024\/07\/20\/poeme-1-13-trait-abstrait\/#article","isPartOf":{"@id":"https:\/\/kornlebars.fr\/index.php\/2024\/07\/20\/poeme-1-13-trait-abstrait\/"},"author":{"name":"admin3941","@id":"https:\/\/kornlebars.fr\/#\/schema\/person\/68652dfe8060d634ae2c989175cbc79a"},"headline":"Po\u00e8me 1.13 : Trait abstrait.","datePublished":"2024-07-20T13:54:45+00:00","dateModified":"2024-08-28T15:34:22+00:00","mainEntityOfPage":{"@id":"https:\/\/kornlebars.fr\/index.php\/2024\/07\/20\/poeme-1-13-trait-abstrait\/"},"wordCount":243,"publisher":{"@id":"https:\/\/kornlebars.fr\/#organization"},"keywords":["\u00c9CRITS"],"articleSection":["Partie II\u00a0: Reconstruire les pens\u00e9es \u00e9vasives (2021-22)."],"inLanguage":"fr-FR"},{"@type":"WebPage","@id":"https:\/\/kornlebars.fr\/index.php\/2024\/07\/20\/poeme-1-13-trait-abstrait\/","url":"https:\/\/kornlebars.fr\/index.php\/2024\/07\/20\/poeme-1-13-trait-abstrait\/","name":"Po\u00e8me 1.13 : Trait abstrait. - Korn Le Bars","isPartOf":{"@id":"https:\/\/kornlebars.fr\/#website"},"datePublished":"2024-07-20T13:54:45+00:00","dateModified":"2024-08-28T15:34:22+00:00","breadcrumb":{"@id":"https:\/\/kornlebars.fr\/index.php\/2024\/07\/20\/poeme-1-13-trait-abstrait\/#breadcrumb"},"inLanguage":"fr-FR","potentialAction":[{"@type":"ReadAction","target":["https:\/\/kornlebars.fr\/index.php\/2024\/07\/20\/poeme-1-13-trait-abstrait\/"]}]},{"@type":"BreadcrumbList","@id":"https:\/\/kornlebars.fr\/index.php\/2024\/07\/20\/poeme-1-13-trait-abstrait\/#breadcrumb","itemListElement":[{"@type":"ListItem","position":1,"name":"Accueil","item":"https:\/\/kornlebars.fr\/"},{"@type":"ListItem","position":2,"name":"Po\u00e8me 1.13 : Trait abstrait."}]},{"@type":"WebSite","@id":"https:\/\/kornlebars.fr\/#website","url":"https:\/\/kornlebars.fr\/","name":"Korn Le Bars","description":"Artiste - Auteur","publisher":{"@id":"https:\/\/kornlebars.fr\/#organization"},"potentialAction":[{"@type":"SearchAction","target":{"@type":"EntryPoint","urlTemplate":"https:\/\/kornlebars.fr\/?s={search_term_string}"},"query-input":"required name=search_term_string"}],"inLanguage":"fr-FR"},{"@type":"Organization","@id":"https:\/\/kornlebars.fr\/#organization","name":"Korn Le Bars","url":"https:\/\/kornlebars.fr\/","logo":{"@type":"ImageObject","inLanguage":"fr-FR","@id":"https:\/\/kornlebars.fr\/#\/schema\/logo\/image\/","url":"https:\/\/kornlebars.fr\/wp-content\/uploads\/2024\/02\/cropped-cropped-cropped-cropped-Plan-de-travail-11.png","contentUrl":"https:\/\/kornlebars.fr\/wp-content\/uploads\/2024\/02\/cropped-cropped-cropped-cropped-Plan-de-travail-11.png","width":701,"height":598,"caption":"Korn Le Bars"},"image":{"@id":"https:\/\/kornlebars.fr\/#\/schema\/logo\/image\/"}},{"@type":"Person","@id":"https:\/\/kornlebars.fr\/#\/schema\/person\/68652dfe8060d634ae2c989175cbc79a","name":"admin3941","image":{"@type":"ImageObject","inLanguage":"fr-FR","@id":"https:\/\/kornlebars.fr\/#\/schema\/person\/image\/","url":"https:\/\/secure.gravatar.com\/avatar\/1bb43a08730e4a5e35bd8231abd314109747ab0d2e3bffa098e2e5d78142e44d?s=96&d=mm&r=g","contentUrl":"https:\/\/secure.gravatar.com\/avatar\/1bb43a08730e4a5e35bd8231abd314109747ab0d2e3bffa098e2e5d78142e44d?s=96&d=mm&r=g","caption":"admin3941"},"sameAs":["http:\/\/kornlebars.fr"],"url":"https:\/\/kornlebars.fr\/index.php\/author\/admin3941\/"}]}},"_links":{"self":[{"href":"https:\/\/kornlebars.fr\/index.php\/wp-json\/wp\/v2\/posts\/3096","targetHints":{"allow":["GET"]}}],"collection":[{"href":"https:\/\/kornlebars.fr\/index.php\/wp-json\/wp\/v2\/posts"}],"about":[{"href":"https:\/\/kornlebars.fr\/index.php\/wp-json\/wp\/v2\/types\/post"}],"author":[{"embeddable":true,"href":"https:\/\/kornlebars.fr\/index.php\/wp-json\/wp\/v2\/users\/1"}],"replies":[{"embeddable":true,"href":"https:\/\/kornlebars.fr\/index.php\/wp-json\/wp\/v2\/comments?post=3096"}],"version-history":[{"count":13,"href":"https:\/\/kornlebars.fr\/index.php\/wp-json\/wp\/v2\/posts\/3096\/revisions"}],"predecessor-version":[{"id":4654,"href":"https:\/\/kornlebars.fr\/index.php\/wp-json\/wp\/v2\/posts\/3096\/revisions\/4654"}],"wp:featuredmedia":[{"embeddable":true,"href":"https:\/\/kornlebars.fr\/index.php\/wp-json\/wp\/v2\/media\/3102"}],"wp:attachment":[{"href":"https:\/\/kornlebars.fr\/index.php\/wp-json\/wp\/v2\/media?parent=3096"}],"wp:term":[{"taxonomy":"category","embeddable":true,"href":"https:\/\/kornlebars.fr\/index.php\/wp-json\/wp\/v2\/categories?post=3096"},{"taxonomy":"post_tag","embeddable":true,"href":"https:\/\/kornlebars.fr\/index.php\/wp-json\/wp\/v2\/tags?post=3096"}],"curies":[{"name":"wp","href":"https:\/\/api.w.org\/{rel}","templated":true}]}}