{"id":3206,"date":"2024-07-23T20:51:12","date_gmt":"2024-07-23T18:51:12","guid":{"rendered":"https:\/\/kornlebars.fr\/?p=3206"},"modified":"2025-06-03T17:00:03","modified_gmt":"2025-06-03T15:00:03","slug":"poeme-1-10-ecrire-dans-un-refuge-au-dela","status":"publish","type":"post","link":"https:\/\/kornlebars.fr\/index.php\/2024\/07\/23\/poeme-1-10-ecrire-dans-un-refuge-au-dela\/","title":{"rendered":"Po\u00e8me 1.10 : \u00c9crire dans un refuge au-del\u00e0."},"content":{"rendered":"\t\t<div data-elementor-type=\"wp-post\" data-elementor-id=\"3206\" class=\"elementor elementor-3206\">\n\t\t\t\t<div class=\"elementor-element elementor-element-498cd35 e-flex e-con-boxed e-con e-parent\" data-id=\"498cd35\" data-element_type=\"container\" data-settings=\"{&quot;content_width&quot;:&quot;boxed&quot;}\" data-core-v316-plus=\"true\">\n\t\t\t\t\t<div class=\"e-con-inner\">\n\t\t\t\t<div class=\"elementor-element elementor-element-52b0d8c elementor-widget elementor-widget-heading\" data-id=\"52b0d8c\" data-element_type=\"widget\" data-widget_type=\"heading.default\">\n\t\t\t\t<div class=\"elementor-widget-container\">\n\t\t\t<style>\/*! elementor - v3.19.0 - 07-02-2024 *\/\n.elementor-heading-title{padding:0;margin:0;line-height:1}.elementor-widget-heading .elementor-heading-title[class*=elementor-size-]>a{color:inherit;font-size:inherit;line-height:inherit}.elementor-widget-heading .elementor-heading-title.elementor-size-small{font-size:15px}.elementor-widget-heading .elementor-heading-title.elementor-size-medium{font-size:19px}.elementor-widget-heading .elementor-heading-title.elementor-size-large{font-size:29px}.elementor-widget-heading .elementor-heading-title.elementor-size-xl{font-size:39px}.elementor-widget-heading .elementor-heading-title.elementor-size-xxl{font-size:59px}<\/style><h1 class=\"elementor-heading-title elementor-size-default\">Po\u00e8me 10 : De l\u2019autre c\u00f4t\u00e9 de la rue.<\/h1>\t\t<\/div>\n\t\t\t\t<\/div>\n\t\t\t\t<div class=\"elementor-element elementor-element-4d385d7 elementor-widget-divider--view-line_text elementor-widget-divider--element-align-center elementor-widget elementor-widget-divider\" data-id=\"4d385d7\" data-element_type=\"widget\" data-widget_type=\"divider.default\">\n\t\t\t\t<div class=\"elementor-widget-container\">\n\t\t\t<style>\/*! elementor - v3.19.0 - 07-02-2024 *\/\n.elementor-widget-divider{--divider-border-style:none;--divider-border-width:1px;--divider-color:#0c0d0e;--divider-icon-size:20px;--divider-element-spacing:10px;--divider-pattern-height:24px;--divider-pattern-size:20px;--divider-pattern-url:none;--divider-pattern-repeat:repeat-x}.elementor-widget-divider .elementor-divider{display:flex}.elementor-widget-divider .elementor-divider__text{font-size:15px;line-height:1;max-width:95%}.elementor-widget-divider .elementor-divider__element{margin:0 var(--divider-element-spacing);flex-shrink:0}.elementor-widget-divider .elementor-icon{font-size:var(--divider-icon-size)}.elementor-widget-divider .elementor-divider-separator{display:flex;margin:0;direction:ltr}.elementor-widget-divider--view-line_icon .elementor-divider-separator,.elementor-widget-divider--view-line_text .elementor-divider-separator{align-items:center}.elementor-widget-divider--view-line_icon .elementor-divider-separator:after,.elementor-widget-divider--view-line_icon .elementor-divider-separator:before,.elementor-widget-divider--view-line_text .elementor-divider-separator:after,.elementor-widget-divider--view-line_text .elementor-divider-separator:before{display:block;content:\"\";border-block-end:0;flex-grow:1;border-block-start:var(--divider-border-width) var(--divider-border-style) var(--divider-color)}.elementor-widget-divider--element-align-left .elementor-divider .elementor-divider-separator>.elementor-divider__svg:first-of-type{flex-grow:0;flex-shrink:100}.elementor-widget-divider--element-align-left .elementor-divider-separator:before{content:none}.elementor-widget-divider--element-align-left .elementor-divider__element{margin-left:0}.elementor-widget-divider--element-align-right .elementor-divider .elementor-divider-separator>.elementor-divider__svg:last-of-type{flex-grow:0;flex-shrink:100}.elementor-widget-divider--element-align-right .elementor-divider-separator:after{content:none}.elementor-widget-divider--element-align-right .elementor-divider__element{margin-right:0}.elementor-widget-divider--element-align-start .elementor-divider .elementor-divider-separator>.elementor-divider__svg:first-of-type{flex-grow:0;flex-shrink:100}.elementor-widget-divider--element-align-start .elementor-divider-separator:before{content:none}.elementor-widget-divider--element-align-start .elementor-divider__element{margin-inline-start:0}.elementor-widget-divider--element-align-end .elementor-divider .elementor-divider-separator>.elementor-divider__svg:last-of-type{flex-grow:0;flex-shrink:100}.elementor-widget-divider--element-align-end .elementor-divider-separator:after{content:none}.elementor-widget-divider--element-align-end .elementor-divider__element{margin-inline-end:0}.elementor-widget-divider:not(.elementor-widget-divider--view-line_text):not(.elementor-widget-divider--view-line_icon) .elementor-divider-separator{border-block-start:var(--divider-border-width) var(--divider-border-style) var(--divider-color)}.elementor-widget-divider--separator-type-pattern{--divider-border-style:none}.elementor-widget-divider--separator-type-pattern.elementor-widget-divider--view-line .elementor-divider-separator,.elementor-widget-divider--separator-type-pattern:not(.elementor-widget-divider--view-line) .elementor-divider-separator:after,.elementor-widget-divider--separator-type-pattern:not(.elementor-widget-divider--view-line) .elementor-divider-separator:before,.elementor-widget-divider--separator-type-pattern:not([class*=elementor-widget-divider--view]) .elementor-divider-separator{width:100%;min-height:var(--divider-pattern-height);-webkit-mask-size:var(--divider-pattern-size) 100%;mask-size:var(--divider-pattern-size) 100%;-webkit-mask-repeat:var(--divider-pattern-repeat);mask-repeat:var(--divider-pattern-repeat);background-color:var(--divider-color);-webkit-mask-image:var(--divider-pattern-url);mask-image:var(--divider-pattern-url)}.elementor-widget-divider--no-spacing{--divider-pattern-size:auto}.elementor-widget-divider--bg-round{--divider-pattern-repeat:round}.rtl .elementor-widget-divider .elementor-divider__text{direction:rtl}.e-con-inner>.elementor-widget-divider,.e-con>.elementor-widget-divider{width:var(--container-widget-width,100%);--flex-grow:var(--container-widget-flex-grow)}<\/style>\t\t<div class=\"elementor-divider\">\n\t\t\t<span class=\"elementor-divider-separator\">\n\t\t\t\t\t\t\t<h2 class=\"elementor-divider__text elementor-divider__element\">\n\t\t\t\tPo\u00e8me 10\t\t\t\t<\/h2>\n\t\t\t\t\t\t<\/span>\n\t\t<\/div>\n\t\t\t\t<\/div>\n\t\t\t\t<\/div>\n\t\t\t\t<div class=\"elementor-element elementor-element-ce86d8d elementor-widget__width-inherit elementor-widget elementor-widget-text-editor\" data-id=\"ce86d8d\" data-element_type=\"widget\" data-widget_type=\"text-editor.default\">\n\t\t\t\t<div class=\"elementor-widget-container\">\n\t\t\t<style>\/*! elementor - v3.19.0 - 07-02-2024 *\/\n.elementor-widget-text-editor.elementor-drop-cap-view-stacked .elementor-drop-cap{background-color:#69727d;color:#fff}.elementor-widget-text-editor.elementor-drop-cap-view-framed .elementor-drop-cap{color:#69727d;border:3px solid;background-color:transparent}.elementor-widget-text-editor:not(.elementor-drop-cap-view-default) .elementor-drop-cap{margin-top:8px}.elementor-widget-text-editor:not(.elementor-drop-cap-view-default) .elementor-drop-cap-letter{width:1em;height:1em}.elementor-widget-text-editor .elementor-drop-cap{float:left;text-align:center;line-height:1;font-size:50px}.elementor-widget-text-editor .elementor-drop-cap-letter{display:inline-block}<\/style>\t\t\t\t<p>Je pense parler \u00e0 quelqu\u2019un dans la solitude de mon sort.<br \/>Je recherche une consolation qui m\u2019apporte du r\u00e9confort.<\/p><p>\u00a0<\/p><p>N\u2019y a-t-il personne dans le vide de l\u2019existence ?<br \/>La vie fonctionne dans le n\u00e9ant de l\u2019errance.<\/p><p>\u00a0<\/p><p>Je m\u2019ennuie, seul, face contre le mur.\u00a0 \u00a0 \u00a0 \u00a0 \u00a0 \u00a0 \u00a0 \u00a0 \u00a0 \u00a0 \u00a0 \u00a0 \u00a0 \u00a0 \u00a0 \u00a0 \u00a0 \u00a0 \u00a0 \u00a0 \u00a0 \u00a0 \u00a0 \u00a0 \u00a0 \u00a0 \u00a0 \u00a0 \u00a0 \u00a0 \u00a0 \u00a0 \u00a0 \u00a0 \u00a0 \u00a0 \u00a0 \u00a0 \u00a0 \u00a0 \u00a0 \u00a0 \u00a0 \u00a0 \u00a0 \u00a0 \u00a0 \u00a0 \u00a0 \u00a0 \u00a0 \u00a0 \u00a0\u00a0 \u00a0 \u00a0 \u00a0 \u00a0 \u00a0 \u00a0 \u00a0 \u00a0 \u00a0 \u00a0 \u00a0 \u00a0 \u00a0 \u00a0 \u00a0 \u00a0 \u00a0 \u00a0 \u00a0 \u00a0 \u00a0 \u00a0 \u00a0 \u00a0 \u00a0 \u00a0 \u00a0 Je n\u2019ai personne \u00e0 qui parler et c\u2019est dur.<\/p><p>\u00a0<\/p><p>On vit pour se consumer.<br \/>L\u2019\u00e9criture m\u2019a dit qu\u2019elle \u00e9tait navr\u00e9e,<br \/>Et la soci\u00e9t\u00e9 et l\u00e0 pour vous le rappeler,<br \/>De l\u2019autre c\u00f4t\u00e9.<\/p><p>\u00a0<\/p><p>On vit pour mourir\u00a0:<br \/>Les voix me le disent.<\/p><p>\u00a0<\/p><p>On vit dans l\u2019arrogance,<br \/>Il n\u2019y a pas plus d\u2019angoisse que l\u2019esp\u00e9rance.<\/p><p>\u00a0<\/p><p>J\u2019\u00e9carte des ru\u00e9es qui s\u2019additionnent dans les r\u00eaves d\u2019hier\u00a0:<br \/>R\u00e9surrection de l\u2019id\u00e9e, r\u00e9surrection de l\u2019amour, des mots, de l\u2019imaginaire, des d\u00e9sirs\u2026<\/p><p>\u00a0<\/p><p>Mais personne ne se met \u00e0 rire.<br \/>\u00ab\u00a0Personne, mon nom est personne\u00a0!\u00a0\u00bb<br \/>Je suis la personne du coin de la rue,<br \/>Qui longe le chemin de la paresse et de la nonchalance.<\/p>\t\t\t\t\t\t<\/div>\n\t\t\t\t<\/div>\n\t\t\t\t<div class=\"elementor-element elementor-element-1c4b908 elementor-widget elementor-widget-text-editor\" data-id=\"1c4b908\" data-element_type=\"widget\" data-widget_type=\"text-editor.default\">\n\t\t\t\t<div class=\"elementor-widget-container\">\n\t\t\t\t\t\t\t<p>\u00a9 Geoffroy Korn Le Bars. Tous droits r\u00e9serv\u00e9s. Ce po\u00e8me ne peut \u00eatre reproduit, distribu\u00e9, ou utilis\u00e9 de quelque mani\u00e8re que ce soit sans l&rsquo;autorisation \u00e9crite de l&rsquo;auteur<\/p>\t\t\t\t\t\t<\/div>\n\t\t\t\t<\/div>\n\t\t\t\t\t<\/div>\n\t\t\t\t<\/div>\n\t\t<div class=\"elementor-element elementor-element-de54d0a e-flex e-con-boxed e-con e-parent\" data-id=\"de54d0a\" data-element_type=\"container\" data-settings=\"{&quot;content_width&quot;:&quot;boxed&quot;}\" data-core-v316-plus=\"true\">\n\t\t\t\t\t<div class=\"e-con-inner\">\n\t\t\t\t<div class=\"elementor-element elementor-element-ae2cfe3 lae-slider-arrow-shape-rounded-corners elementor-widget__width-initial lae-slider-arrow-placement-middle-center lae-slider-arrow-color-dark lae-slider-arrow-visibility-always elementor-widget elementor-widget-lae-posts-multislider\" data-id=\"ae2cfe3\" data-element_type=\"widget\" data-widget_type=\"lae-posts-multislider.default\">\n\t\t\t\t<div class=\"elementor-widget-container\">\n\t\t\t\r\n<div class=\"lae-posts-multislider-wrap\">\r\n    <div            id=\"lae-posts-multislider-ae2cfe3\"\r\n            class=\"lae-posts-multislider lae-container lae-posts-multislider-style-1\"\r\n            data-settings='{\"arrows\":true,\"dots\":false,\"autoplay\":false,\"autoplay_speed\":3000,\"animation_speed\":300,\"pause_on_hover\":true,\"adaptive_height\":false,\"display_columns\":3,\"scroll_columns\":3,\"tablet_width\":800,\"tablet_display_columns\":2,\"tablet_scroll_columns\":2,\"mobile_width\":480,\"mobile_display_columns\":1,\"mobile_scroll_columns\":1}'>\r\n<div class=\"lae-posts-multislider-item lae-align-middle-left\">\r\n\r\n    <article id=\"post-3133\"\r\n             class=\"lae-post-entry post-3133 post type-post status-publish format-standard has-post-thumbnail hentry category-poeme-3 tag-ecrits entry\">\r\n\r\n        \r\n            \r\n            \r\n            \r\n            <div class=\"lae-post-overlay lae-post-featured-img-bg\"\r\n                 style=\"background-image: url(https:\/\/kornlebars.fr\/wp-content\/uploads\/2024\/07\/14-1.jpg); height: 100px;\">\r\n\r\n                \r\n                    <div class=\"lae-post-text-wrap\">\r\n\r\n                        <div class=\"lae-post-text\">\r\n\r\n                            \r\n                                <span class=\"lae-terms\"><a href=\"https:\/\/kornlebars.fr\/index.php\/tag\/ecrits\/\">\u00c9CRITS<\/a><\/span>\r\n                            \r\n                            \r\n                                <h3 class=\"lae-post-title\"><a href=\"https:\/\/kornlebars.fr\/index.php\/2024\/07\/23\/poeme-1-1-dimanche-gris\/\" title=\"Po\u00e8me 1.1\u00a0: Dimanche gris.\" rel=\"bookmark\">Po\u00e8me 1.1\u00a0: Dimanche gris.<\/a><\/h3>\r\n                            \r\n                            \r\n                                <div class=\"lae-post-meta\">\r\n\r\n                                    \r\n                                    \r\n                                    \r\n                                <\/div>\r\n\r\n                            \r\n                            <div class=\"lae-post-content\">\r\n\r\n                                \r\n                                \r\n                            <\/div>\r\n\r\n                        <\/div><!-- .lae-post-text -->\r\n\r\n                    <\/div>\r\n\r\n                \r\n            <\/div>\r\n\r\n        \r\n    <\/article><!-- .hentry -->\r\n\r\n<\/div><!-- .lae-posts-multislider-item -->\r\n\r\n\r\n\r\n<div class=\"lae-posts-multislider-item lae-align-middle-left\">\r\n\r\n    <article id=\"post-3139\"\r\n             class=\"lae-post-entry post-3139 post type-post status-publish format-standard has-post-thumbnail hentry category-poeme-3 tag-ecrits entry\">\r\n\r\n        \r\n            \r\n            \r\n            \r\n            <div class=\"lae-post-overlay lae-post-featured-img-bg\"\r\n                 style=\"background-image: url(https:\/\/kornlebars.fr\/wp-content\/uploads\/2024\/07\/2-2.jpg); height: 100px;\">\r\n\r\n                \r\n                    <div class=\"lae-post-text-wrap\">\r\n\r\n                        <div class=\"lae-post-text\">\r\n\r\n                            \r\n                                <span class=\"lae-terms\"><a href=\"https:\/\/kornlebars.fr\/index.php\/tag\/ecrits\/\">\u00c9CRITS<\/a><\/span>\r\n                            \r\n                            \r\n                                <h3 class=\"lae-post-title\"><a href=\"https:\/\/kornlebars.fr\/index.php\/2024\/07\/23\/poeme-1-1-dimanche-gris-2\/\" title=\"Po\u00e8me 1.2 : Introspection.\" rel=\"bookmark\">Po\u00e8me 1.2 : Introspection.<\/a><\/h3>\r\n                            \r\n                            \r\n                                <div class=\"lae-post-meta\">\r\n\r\n                                    \r\n                                    \r\n                                    \r\n                                <\/div>\r\n\r\n                            \r\n                            <div class=\"lae-post-content\">\r\n\r\n                                \r\n                                \r\n                            <\/div>\r\n\r\n                        <\/div><!-- .lae-post-text -->\r\n\r\n                    <\/div>\r\n\r\n                \r\n            <\/div>\r\n\r\n        \r\n    <\/article><!-- .hentry -->\r\n\r\n<\/div><!-- .lae-posts-multislider-item -->\r\n\r\n\r\n\r\n<div class=\"lae-posts-multislider-item lae-align-middle-left\">\r\n\r\n    <article id=\"post-3147\"\r\n             class=\"lae-post-entry post-3147 post type-post status-publish format-standard has-post-thumbnail hentry category-poeme-3 tag-ecrits entry\">\r\n\r\n        \r\n            \r\n            \r\n            \r\n            <div class=\"lae-post-overlay lae-post-featured-img-bg\"\r\n                 style=\"background-image: url(https:\/\/kornlebars.fr\/wp-content\/uploads\/2024\/07\/3-3.jpg); height: 100px;\">\r\n\r\n                \r\n                    <div class=\"lae-post-text-wrap\">\r\n\r\n                        <div class=\"lae-post-text\">\r\n\r\n                            \r\n                                <span class=\"lae-terms\"><a href=\"https:\/\/kornlebars.fr\/index.php\/tag\/ecrits\/\">\u00c9CRITS<\/a><\/span>\r\n                            \r\n                            \r\n                                <h3 class=\"lae-post-title\"><a href=\"https:\/\/kornlebars.fr\/index.php\/2024\/07\/23\/poeme-1-3-tenebres\/\" title=\"Po\u00e8me 1.3 : T\u00e9n\u00e8bres.\" rel=\"bookmark\">Po\u00e8me 1.3 : T\u00e9n\u00e8bres.<\/a><\/h3>\r\n                            \r\n                            \r\n                                <div class=\"lae-post-meta\">\r\n\r\n                                    \r\n                                    \r\n                                    \r\n                                <\/div>\r\n\r\n                            \r\n                            <div class=\"lae-post-content\">\r\n\r\n                                \r\n                                \r\n                            <\/div>\r\n\r\n                        <\/div><!-- .lae-post-text -->\r\n\r\n                    <\/div>\r\n\r\n                \r\n            <\/div>\r\n\r\n        \r\n    <\/article><!-- .hentry -->\r\n\r\n<\/div><!-- .lae-posts-multislider-item -->\r\n\r\n\r\n\r\n<div class=\"lae-posts-multislider-item lae-align-middle-left\">\r\n\r\n    <article id=\"post-3156\"\r\n             class=\"lae-post-entry post-3156 post type-post status-publish format-standard has-post-thumbnail hentry category-poeme-3 tag-ecrits entry\">\r\n\r\n        \r\n            \r\n            \r\n            \r\n            <div class=\"lae-post-overlay lae-post-featured-img-bg\"\r\n                 style=\"background-image: url(https:\/\/kornlebars.fr\/wp-content\/uploads\/2024\/07\/4-3.jpg); height: 100px;\">\r\n\r\n                \r\n                    <div class=\"lae-post-text-wrap\">\r\n\r\n                        <div class=\"lae-post-text\">\r\n\r\n                            \r\n                                <span class=\"lae-terms\"><a href=\"https:\/\/kornlebars.fr\/index.php\/tag\/ecrits\/\">\u00c9CRITS<\/a><\/span>\r\n                            \r\n                            \r\n                                <h3 class=\"lae-post-title\"><a href=\"https:\/\/kornlebars.fr\/index.php\/2024\/07\/23\/poeme-1-4-quand-il-fait-noir\/\" title=\"Po\u00e8me 1.4 : Quand il fait noir.\" rel=\"bookmark\">Po\u00e8me 1.4 : Quand il fait noir.<\/a><\/h3>\r\n                            \r\n                            \r\n                                <div class=\"lae-post-meta\">\r\n\r\n                                    \r\n                                    \r\n                                    \r\n                                <\/div>\r\n\r\n                            \r\n                            <div class=\"lae-post-content\">\r\n\r\n                                \r\n                                \r\n                            <\/div>\r\n\r\n                        <\/div><!-- .lae-post-text -->\r\n\r\n                    <\/div>\r\n\r\n                \r\n            <\/div>\r\n\r\n        \r\n    <\/article><!-- .hentry -->\r\n\r\n<\/div><!-- .lae-posts-multislider-item -->\r\n\r\n\r\n\r\n<div class=\"lae-posts-multislider-item lae-align-middle-left\">\r\n\r\n    <article id=\"post-3162\"\r\n             class=\"lae-post-entry post-3162 post type-post status-publish format-standard has-post-thumbnail hentry category-poeme-3 tag-ecrits entry\">\r\n\r\n        \r\n            \r\n            \r\n            \r\n            <div class=\"lae-post-overlay lae-post-featured-img-bg\"\r\n                 style=\"background-image: url(https:\/\/kornlebars.fr\/wp-content\/uploads\/2024\/07\/5-3.jpg); height: 100px;\">\r\n\r\n                \r\n                    <div class=\"lae-post-text-wrap\">\r\n\r\n                        <div class=\"lae-post-text\">\r\n\r\n                            \r\n                                <span class=\"lae-terms\"><a href=\"https:\/\/kornlebars.fr\/index.php\/tag\/ecrits\/\">\u00c9CRITS<\/a><\/span>\r\n                            \r\n                            \r\n                                <h3 class=\"lae-post-title\"><a href=\"https:\/\/kornlebars.fr\/index.php\/2024\/07\/23\/poeme-1-4-quand-il-fait-noir-2\/\" title=\"Po\u00e8me 1.5 : Solitude et malheur.\" rel=\"bookmark\">Po\u00e8me 1.5 : Solitude et malheur.<\/a><\/h3>\r\n                            \r\n                            \r\n                                <div class=\"lae-post-meta\">\r\n\r\n                                    \r\n                                    \r\n                                    \r\n                                <\/div>\r\n\r\n                            \r\n                            <div class=\"lae-post-content\">\r\n\r\n                                \r\n                                \r\n                            <\/div>\r\n\r\n                        <\/div><!-- .lae-post-text -->\r\n\r\n                    <\/div>\r\n\r\n                \r\n            <\/div>\r\n\r\n        \r\n    <\/article><!-- .hentry -->\r\n\r\n<\/div><!-- .lae-posts-multislider-item -->\r\n\r\n\r\n\r\n<div class=\"lae-posts-multislider-item lae-align-middle-left\">\r\n\r\n    <article id=\"post-3167\"\r\n             class=\"lae-post-entry post-3167 post type-post status-publish format-standard has-post-thumbnail hentry category-poeme-3 tag-ecrits entry\">\r\n\r\n        \r\n            \r\n            \r\n            \r\n            <div class=\"lae-post-overlay lae-post-featured-img-bg\"\r\n                 style=\"background-image: url(https:\/\/kornlebars.fr\/wp-content\/uploads\/2024\/07\/6-3.jpg); height: 100px;\">\r\n\r\n                \r\n                    <div class=\"lae-post-text-wrap\">\r\n\r\n                        <div class=\"lae-post-text\">\r\n\r\n                            \r\n                                <span class=\"lae-terms\"><a href=\"https:\/\/kornlebars.fr\/index.php\/tag\/ecrits\/\">\u00c9CRITS<\/a><\/span>\r\n                            \r\n                            \r\n                                <h3 class=\"lae-post-title\"><a href=\"https:\/\/kornlebars.fr\/index.php\/2024\/07\/23\/poeme-1-6-chant-dun-ile\/\" title=\"Po\u00e8me 1.6 : Chant d\u2019un \u00eele.\" rel=\"bookmark\">Po\u00e8me 1.6 : Chant d\u2019un \u00eele.<\/a><\/h3>\r\n                            \r\n                            \r\n                                <div class=\"lae-post-meta\">\r\n\r\n                                    \r\n                                    \r\n                                    \r\n                                <\/div>\r\n\r\n                            \r\n                            <div class=\"lae-post-content\">\r\n\r\n                                \r\n                                \r\n                            <\/div>\r\n\r\n                        <\/div><!-- .lae-post-text -->\r\n\r\n                    <\/div>\r\n\r\n                \r\n            <\/div>\r\n\r\n        \r\n    <\/article><!-- .hentry -->\r\n\r\n<\/div><!-- .lae-posts-multislider-item -->\r\n\r\n\r\n\r\n<div class=\"lae-posts-multislider-item lae-align-middle-left\">\r\n\r\n    <article id=\"post-3176\"\r\n             class=\"lae-post-entry post-3176 post type-post status-publish format-standard has-post-thumbnail hentry category-poeme-3 tag-ecrits entry\">\r\n\r\n        \r\n            \r\n            \r\n            \r\n            <div class=\"lae-post-overlay lae-post-featured-img-bg\"\r\n                 style=\"background-image: url(https:\/\/kornlebars.fr\/wp-content\/uploads\/2024\/07\/7-3.jpg); height: 100px;\">\r\n\r\n                \r\n                    <div class=\"lae-post-text-wrap\">\r\n\r\n                        <div class=\"lae-post-text\">\r\n\r\n                            \r\n                                <span class=\"lae-terms\"><a href=\"https:\/\/kornlebars.fr\/index.php\/tag\/ecrits\/\">\u00c9CRITS<\/a><\/span>\r\n                            \r\n                            \r\n                                <h3 class=\"lae-post-title\"><a href=\"https:\/\/kornlebars.fr\/index.php\/2024\/07\/23\/poeme-1-7-melodie-de-la-deprime\/\" title=\"Po\u00e8me 1.7 : M\u00e9lodie de la d\u00e9prime.\" rel=\"bookmark\">Po\u00e8me 1.7 : M\u00e9lodie de la d\u00e9prime.<\/a><\/h3>\r\n                            \r\n                            \r\n                                <div class=\"lae-post-meta\">\r\n\r\n                                    \r\n                                    \r\n                                    \r\n                                <\/div>\r\n\r\n                            \r\n                            <div class=\"lae-post-content\">\r\n\r\n                                \r\n                                \r\n                            <\/div>\r\n\r\n                        <\/div><!-- .lae-post-text -->\r\n\r\n                    <\/div>\r\n\r\n                \r\n            <\/div>\r\n\r\n        \r\n    <\/article><!-- .hentry -->\r\n\r\n<\/div><!-- .lae-posts-multislider-item -->\r\n\r\n\r\n\r\n<div class=\"lae-posts-multislider-item lae-align-middle-left\">\r\n\r\n    <article id=\"post-3185\"\r\n             class=\"lae-post-entry post-3185 post type-post status-publish format-standard has-post-thumbnail hentry category-poeme-3 tag-ecrits entry\">\r\n\r\n        \r\n            \r\n            \r\n            \r\n            <div class=\"lae-post-overlay lae-post-featured-img-bg\"\r\n                 style=\"background-image: url(https:\/\/kornlebars.fr\/wp-content\/uploads\/2024\/07\/8-1.jpg); height: 100px;\">\r\n\r\n                \r\n                    <div class=\"lae-post-text-wrap\">\r\n\r\n                        <div class=\"lae-post-text\">\r\n\r\n                            \r\n                                <span class=\"lae-terms\"><a href=\"https:\/\/kornlebars.fr\/index.php\/tag\/ecrits\/\">\u00c9CRITS<\/a><\/span>\r\n                            \r\n                            \r\n                                <h3 class=\"lae-post-title\"><a href=\"https:\/\/kornlebars.fr\/index.php\/2024\/07\/23\/poeme-1-8-melodie-de-la-deprime-ii\/\" title=\"Po\u00e8me 1.8 : M\u00e9lodie de la d\u00e9prime II.\" rel=\"bookmark\">Po\u00e8me 1.8 : M\u00e9lodie de la d\u00e9prime II.<\/a><\/h3>\r\n                            \r\n                            \r\n                                <div class=\"lae-post-meta\">\r\n\r\n                                    \r\n                                    \r\n                                    \r\n                                <\/div>\r\n\r\n                            \r\n                            <div class=\"lae-post-content\">\r\n\r\n                                \r\n                                \r\n                            <\/div>\r\n\r\n                        <\/div><!-- .lae-post-text -->\r\n\r\n                    <\/div>\r\n\r\n                \r\n            <\/div>\r\n\r\n        \r\n    <\/article><!-- .hentry -->\r\n\r\n<\/div><!-- .lae-posts-multislider-item -->\r\n\r\n\r\n\r\n<div class=\"lae-posts-multislider-item lae-align-middle-left\">\r\n\r\n    <article id=\"post-3197\"\r\n             class=\"lae-post-entry post-3197 post type-post status-publish format-standard has-post-thumbnail hentry category-poeme-3 tag-ecrits entry\">\r\n\r\n        \r\n            \r\n            \r\n            \r\n            <div class=\"lae-post-overlay lae-post-featured-img-bg\"\r\n                 style=\"background-image: url(https:\/\/kornlebars.fr\/wp-content\/uploads\/2024\/07\/9-2.jpg); height: 100px;\">\r\n\r\n                \r\n                    <div class=\"lae-post-text-wrap\">\r\n\r\n                        <div class=\"lae-post-text\">\r\n\r\n                            \r\n                                <span class=\"lae-terms\"><a href=\"https:\/\/kornlebars.fr\/index.php\/tag\/ecrits\/\">\u00c9CRITS<\/a><\/span>\r\n                            \r\n                            \r\n                                <h3 class=\"lae-post-title\"><a href=\"https:\/\/kornlebars.fr\/index.php\/2024\/07\/23\/poeme-1-9-ecrire-dans-un-refuge-au-dela\/\" title=\"Po\u00e8me 1.9 : \u00c9crire dans un refuge au-del\u00e0.\" rel=\"bookmark\">Po\u00e8me 1.9 : \u00c9crire dans un refuge au-del\u00e0.<\/a><\/h3>\r\n                            \r\n                            \r\n                                <div class=\"lae-post-meta\">\r\n\r\n                                    \r\n                                    \r\n                                    \r\n                                <\/div>\r\n\r\n                            \r\n                            <div class=\"lae-post-content\">\r\n\r\n                                \r\n                                \r\n                            <\/div>\r\n\r\n                        <\/div><!-- .lae-post-text -->\r\n\r\n                    <\/div>\r\n\r\n                \r\n            <\/div>\r\n\r\n        \r\n    <\/article><!-- .hentry -->\r\n\r\n<\/div><!-- .lae-posts-multislider-item -->\r\n\r\n\r\n\r\n<div class=\"lae-posts-multislider-item lae-align-middle-left\">\r\n\r\n    <article id=\"post-3206\"\r\n             class=\"lae-post-entry post-3206 post type-post status-publish format-standard has-post-thumbnail hentry category-poeme-3 tag-ecrits entry\">\r\n\r\n        \r\n            \r\n            \r\n            \r\n            <div class=\"lae-post-overlay lae-post-featured-img-bg\"\r\n                 style=\"background-image: url(https:\/\/kornlebars.fr\/wp-content\/uploads\/2024\/07\/10-2.jpg); height: 100px;\">\r\n\r\n                \r\n                    <div class=\"lae-post-text-wrap\">\r\n\r\n                        <div class=\"lae-post-text\">\r\n\r\n                            \r\n                                <span class=\"lae-terms\"><a href=\"https:\/\/kornlebars.fr\/index.php\/tag\/ecrits\/\">\u00c9CRITS<\/a><\/span>\r\n                            \r\n                            \r\n                                <h3 class=\"lae-post-title\"><a href=\"https:\/\/kornlebars.fr\/index.php\/2024\/07\/23\/poeme-1-10-ecrire-dans-un-refuge-au-dela\/\" title=\"Po\u00e8me 1.10 : \u00c9crire dans un refuge au-del\u00e0.\" rel=\"bookmark\">Po\u00e8me 1.10 : \u00c9crire dans un refuge au-del\u00e0.<\/a><\/h3>\r\n                            \r\n                            \r\n                                <div class=\"lae-post-meta\">\r\n\r\n                                    \r\n                                    \r\n                                    \r\n                                <\/div>\r\n\r\n                            \r\n                            <div class=\"lae-post-content\">\r\n\r\n                                \r\n                                \r\n                            <\/div>\r\n\r\n                        <\/div><!-- .lae-post-text -->\r\n\r\n                    <\/div>\r\n\r\n                \r\n            <\/div>\r\n\r\n        \r\n    <\/article><!-- .hentry -->\r\n\r\n<\/div><!-- .lae-posts-multislider-item -->\r\n\r\n\r\n\r\n<div class=\"lae-posts-multislider-item lae-align-middle-left\">\r\n\r\n    <article id=\"post-3215\"\r\n             class=\"lae-post-entry post-3215 post type-post status-publish format-standard has-post-thumbnail hentry category-poeme-3 tag-ecrits entry\">\r\n\r\n        \r\n            \r\n            \r\n            \r\n            <div class=\"lae-post-overlay lae-post-featured-img-bg\"\r\n                 style=\"background-image: url(https:\/\/kornlebars.fr\/wp-content\/uploads\/2024\/07\/11-2.jpg); height: 100px;\">\r\n\r\n                \r\n                    <div class=\"lae-post-text-wrap\">\r\n\r\n                        <div class=\"lae-post-text\">\r\n\r\n                            \r\n                                <span class=\"lae-terms\"><a href=\"https:\/\/kornlebars.fr\/index.php\/tag\/ecrits\/\">\u00c9CRITS<\/a><\/span>\r\n                            \r\n                            \r\n                                <h3 class=\"lae-post-title\"><a href=\"https:\/\/kornlebars.fr\/index.php\/2024\/07\/23\/poeme-1-11-ecrire-dans-un-refuge-au-dela\/\" title=\"Po\u00e8me 1.11 : \u00c9crire dans un refuge au-del\u00e0.\" rel=\"bookmark\">Po\u00e8me 1.11 : \u00c9crire dans un refuge au-del\u00e0.<\/a><\/h3>\r\n                            \r\n                            \r\n                                <div class=\"lae-post-meta\">\r\n\r\n                                    \r\n                                    \r\n                                    \r\n                                <\/div>\r\n\r\n                            \r\n                            <div class=\"lae-post-content\">\r\n\r\n                                \r\n                                \r\n                            <\/div>\r\n\r\n                        <\/div><!-- .lae-post-text -->\r\n\r\n                    <\/div>\r\n\r\n                \r\n            <\/div>\r\n\r\n        \r\n    <\/article><!-- .hentry -->\r\n\r\n<\/div><!-- .lae-posts-multislider-item -->\r\n\r\n\r\n\r\n<div class=\"lae-posts-multislider-item lae-align-middle-left\">\r\n\r\n    <article id=\"post-3221\"\r\n             class=\"lae-post-entry post-3221 post type-post status-publish format-standard has-post-thumbnail hentry category-poeme-3 tag-ecrits entry\">\r\n\r\n        \r\n            \r\n            \r\n            \r\n            <div class=\"lae-post-overlay lae-post-featured-img-bg\"\r\n                 style=\"background-image: url(https:\/\/kornlebars.fr\/wp-content\/uploads\/2024\/07\/12-3.jpg); height: 100px;\">\r\n\r\n                \r\n                    <div class=\"lae-post-text-wrap\">\r\n\r\n                        <div class=\"lae-post-text\">\r\n\r\n                            \r\n                                <span class=\"lae-terms\"><a href=\"https:\/\/kornlebars.fr\/index.php\/tag\/ecrits\/\">\u00c9CRITS<\/a><\/span>\r\n                            \r\n                            \r\n                                <h3 class=\"lae-post-title\"><a href=\"https:\/\/kornlebars.fr\/index.php\/2024\/07\/23\/poeme-1-12-ecrire-dans-un-refuge-au-dela\/\" title=\"Po\u00e8me 1.12 : \u00c9crire dans un refuge au-del\u00e0.\" rel=\"bookmark\">Po\u00e8me 1.12 : \u00c9crire dans un refuge au-del\u00e0.<\/a><\/h3>\r\n                            \r\n                            \r\n                                <div class=\"lae-post-meta\">\r\n\r\n                                    \r\n                                    \r\n                                    \r\n                                <\/div>\r\n\r\n                            \r\n                            <div class=\"lae-post-content\">\r\n\r\n                                \r\n                                \r\n                            <\/div>\r\n\r\n                        <\/div><!-- .lae-post-text -->\r\n\r\n                    <\/div>\r\n\r\n                \r\n            <\/div>\r\n\r\n        \r\n    <\/article><!-- .hentry -->\r\n\r\n<\/div><!-- .lae-posts-multislider-item -->\r\n\r\n\r\n    <\/div><!-- .lae-posts-multislider -->\r\n\r\n<\/div><!-- .lae-posts-multislider-wrap -->\t\t<\/div>\n\t\t\t\t<\/div>\n\t\t\t\t\t<\/div>\n\t\t\t\t<\/div>\n\t\t\t\t<\/div>\n\t\t","protected":false},"excerpt":{"rendered":"<p>Po\u00e8me 10 : De l\u2019autre c\u00f4t\u00e9 de la rue. Po\u00e8me 10 Je pense parler \u00e0 quelqu\u2019un dans la solitude de mon sort.Je recherche une consolation qui m\u2019apporte du r\u00e9confort. \u00a0 N\u2019y a-t-il personne dans le vide de l\u2019existence ?La vie fonctionne dans le n\u00e9ant de l\u2019errance. \u00a0 Je m\u2019ennuie, seul, face contre le mur.\u00a0 \u00a0&hellip; <a class=\"more-link\" href=\"https:\/\/kornlebars.fr\/index.php\/2024\/07\/23\/poeme-1-12-ecrire-dans-un-refuge-au-dela\/\">Poursuivre la lecture <span class=\"screen-reader-text\">Po\u00e8me 1.12 : \u00c9crire dans un refuge au-del\u00e0.<\/span><\/a><\/p>\n","protected":false},"author":1,"featured_media":3211,"comment_status":"closed","ping_status":"closed","sticky":false,"template":"elementor_header_footer","format":"standard","meta":{"footnotes":""},"categories":[61],"tags":[67],"class_list":["post-3206","post","type-post","status-publish","format-standard","has-post-thumbnail","hentry","category-poeme-3","tag-ecrits","entry"],"yoast_head":"<!-- This site is optimized with the Yoast SEO plugin v22.1 - https:\/\/yoast.com\/wordpress\/plugins\/seo\/ -->\n<title>Po\u00e8me 1.10 : \u00c9crire dans un refuge au-del\u00e0. - Korn Le Bars<\/title>\n<meta name=\"robots\" content=\"index, follow, max-snippet:-1, max-image-preview:large, max-video-preview:-1\" \/>\n<link rel=\"canonical\" href=\"https:\/\/kornlebars.fr\/index.php\/2024\/07\/23\/poeme-1-10-ecrire-dans-un-refuge-au-dela\/\" \/>\n<meta property=\"og:locale\" content=\"fr_FR\" \/>\n<meta property=\"og:type\" content=\"article\" \/>\n<meta property=\"og:title\" content=\"Po\u00e8me 1.10 : \u00c9crire dans un refuge au-del\u00e0. - Korn Le Bars\" \/>\n<meta property=\"og:description\" content=\"Po\u00e8me 10 : De l\u2019autre c\u00f4t\u00e9 de la rue. Po\u00e8me 10 Je pense parler \u00e0 quelqu\u2019un dans la solitude de mon sort.Je recherche une consolation qui m\u2019apporte du r\u00e9confort. \u00a0 N\u2019y a-t-il personne dans le vide de l\u2019existence ?La vie fonctionne dans le n\u00e9ant de l\u2019errance. \u00a0 Je m\u2019ennuie, seul, face contre le mur.\u00a0 \u00a0&hellip; Poursuivre la lecture Po\u00e8me 1.12 : \u00c9crire dans un refuge au-del\u00e0.\" \/>\n<meta property=\"og:url\" content=\"https:\/\/kornlebars.fr\/index.php\/2024\/07\/23\/poeme-1-10-ecrire-dans-un-refuge-au-dela\/\" \/>\n<meta property=\"og:site_name\" content=\"Korn Le Bars\" \/>\n<meta property=\"article:published_time\" content=\"2024-07-23T18:51:12+00:00\" \/>\n<meta property=\"article:modified_time\" content=\"2025-06-03T15:00:03+00:00\" \/>\n<meta property=\"og:image\" content=\"http:\/\/kornlebars.fr\/wp-content\/uploads\/2024\/07\/10-2.jpg\" \/>\n\t<meta property=\"og:image:width\" content=\"200\" \/>\n\t<meta property=\"og:image:height\" content=\"200\" \/>\n\t<meta property=\"og:image:type\" content=\"image\/jpeg\" \/>\n<meta name=\"author\" content=\"admin3941\" \/>\n<meta name=\"twitter:card\" content=\"summary_large_image\" \/>\n<meta name=\"twitter:label1\" content=\"\u00c9crit par\" \/>\n\t<meta name=\"twitter:data1\" content=\"admin3941\" \/>\n\t<meta name=\"twitter:label2\" content=\"Dur\u00e9e de lecture estim\u00e9e\" \/>\n\t<meta name=\"twitter:data2\" content=\"2 minutes\" \/>\n<script type=\"application\/ld+json\" class=\"yoast-schema-graph\">{\"@context\":\"https:\/\/schema.org\",\"@graph\":[{\"@type\":\"Article\",\"@id\":\"https:\/\/kornlebars.fr\/index.php\/2024\/07\/23\/poeme-1-10-ecrire-dans-un-refuge-au-dela\/#article\",\"isPartOf\":{\"@id\":\"https:\/\/kornlebars.fr\/index.php\/2024\/07\/23\/poeme-1-10-ecrire-dans-un-refuge-au-dela\/\"},\"author\":{\"name\":\"admin3941\",\"@id\":\"https:\/\/kornlebars.fr\/#\/schema\/person\/68652dfe8060d634ae2c989175cbc79a\"},\"headline\":\"Po\u00e8me 1.10 : \u00c9crire dans un refuge au-del\u00e0.\",\"datePublished\":\"2024-07-23T18:51:12+00:00\",\"dateModified\":\"2025-06-03T15:00:03+00:00\",\"mainEntityOfPage\":{\"@id\":\"https:\/\/kornlebars.fr\/index.php\/2024\/07\/23\/poeme-1-10-ecrire-dans-un-refuge-au-dela\/\"},\"wordCount\":315,\"publisher\":{\"@id\":\"https:\/\/kornlebars.fr\/#organization\"},\"keywords\":[\"\u00c9CRITS\"],\"articleSection\":[\"Partie III\u00a0: Enragement \u00e9teint (2022)\"],\"inLanguage\":\"fr-FR\"},{\"@type\":\"WebPage\",\"@id\":\"https:\/\/kornlebars.fr\/index.php\/2024\/07\/23\/poeme-1-10-ecrire-dans-un-refuge-au-dela\/\",\"url\":\"https:\/\/kornlebars.fr\/index.php\/2024\/07\/23\/poeme-1-10-ecrire-dans-un-refuge-au-dela\/\",\"name\":\"Po\u00e8me 1.10 : \u00c9crire dans un refuge au-del\u00e0. - Korn Le Bars\",\"isPartOf\":{\"@id\":\"https:\/\/kornlebars.fr\/#website\"},\"datePublished\":\"2024-07-23T18:51:12+00:00\",\"dateModified\":\"2025-06-03T15:00:03+00:00\",\"breadcrumb\":{\"@id\":\"https:\/\/kornlebars.fr\/index.php\/2024\/07\/23\/poeme-1-10-ecrire-dans-un-refuge-au-dela\/#breadcrumb\"},\"inLanguage\":\"fr-FR\",\"potentialAction\":[{\"@type\":\"ReadAction\",\"target\":[\"https:\/\/kornlebars.fr\/index.php\/2024\/07\/23\/poeme-1-10-ecrire-dans-un-refuge-au-dela\/\"]}]},{\"@type\":\"BreadcrumbList\",\"@id\":\"https:\/\/kornlebars.fr\/index.php\/2024\/07\/23\/poeme-1-10-ecrire-dans-un-refuge-au-dela\/#breadcrumb\",\"itemListElement\":[{\"@type\":\"ListItem\",\"position\":1,\"name\":\"Accueil\",\"item\":\"https:\/\/kornlebars.fr\/\"},{\"@type\":\"ListItem\",\"position\":2,\"name\":\"Po\u00e8me 1.10 : \u00c9crire dans un refuge au-del\u00e0.\"}]},{\"@type\":\"WebSite\",\"@id\":\"https:\/\/kornlebars.fr\/#website\",\"url\":\"https:\/\/kornlebars.fr\/\",\"name\":\"Korn Le Bars\",\"description\":\"Artiste - Auteur\",\"publisher\":{\"@id\":\"https:\/\/kornlebars.fr\/#organization\"},\"potentialAction\":[{\"@type\":\"SearchAction\",\"target\":{\"@type\":\"EntryPoint\",\"urlTemplate\":\"https:\/\/kornlebars.fr\/?s={search_term_string}\"},\"query-input\":\"required name=search_term_string\"}],\"inLanguage\":\"fr-FR\"},{\"@type\":\"Organization\",\"@id\":\"https:\/\/kornlebars.fr\/#organization\",\"name\":\"Korn Le Bars\",\"url\":\"https:\/\/kornlebars.fr\/\",\"logo\":{\"@type\":\"ImageObject\",\"inLanguage\":\"fr-FR\",\"@id\":\"https:\/\/kornlebars.fr\/#\/schema\/logo\/image\/\",\"url\":\"https:\/\/kornlebars.fr\/wp-content\/uploads\/2024\/02\/cropped-cropped-cropped-cropped-Plan-de-travail-11.png\",\"contentUrl\":\"https:\/\/kornlebars.fr\/wp-content\/uploads\/2024\/02\/cropped-cropped-cropped-cropped-Plan-de-travail-11.png\",\"width\":701,\"height\":598,\"caption\":\"Korn Le Bars\"},\"image\":{\"@id\":\"https:\/\/kornlebars.fr\/#\/schema\/logo\/image\/\"}},{\"@type\":\"Person\",\"@id\":\"https:\/\/kornlebars.fr\/#\/schema\/person\/68652dfe8060d634ae2c989175cbc79a\",\"name\":\"admin3941\",\"image\":{\"@type\":\"ImageObject\",\"inLanguage\":\"fr-FR\",\"@id\":\"https:\/\/kornlebars.fr\/#\/schema\/person\/image\/\",\"url\":\"https:\/\/secure.gravatar.com\/avatar\/1bb43a08730e4a5e35bd8231abd314109747ab0d2e3bffa098e2e5d78142e44d?s=96&d=mm&r=g\",\"contentUrl\":\"https:\/\/secure.gravatar.com\/avatar\/1bb43a08730e4a5e35bd8231abd314109747ab0d2e3bffa098e2e5d78142e44d?s=96&d=mm&r=g\",\"caption\":\"admin3941\"},\"sameAs\":[\"http:\/\/kornlebars.fr\"],\"url\":\"https:\/\/kornlebars.fr\/index.php\/author\/admin3941\/\"}]}<\/script>\n<!-- \/ Yoast SEO plugin. -->","yoast_head_json":{"title":"Po\u00e8me 1.10 : \u00c9crire dans un refuge au-del\u00e0. - Korn Le Bars","robots":{"index":"index","follow":"follow","max-snippet":"max-snippet:-1","max-image-preview":"max-image-preview:large","max-video-preview":"max-video-preview:-1"},"canonical":"https:\/\/kornlebars.fr\/index.php\/2024\/07\/23\/poeme-1-10-ecrire-dans-un-refuge-au-dela\/","og_locale":"fr_FR","og_type":"article","og_title":"Po\u00e8me 1.10 : \u00c9crire dans un refuge au-del\u00e0. - Korn Le Bars","og_description":"Po\u00e8me 10 : De l\u2019autre c\u00f4t\u00e9 de la rue. Po\u00e8me 10 Je pense parler \u00e0 quelqu\u2019un dans la solitude de mon sort.Je recherche une consolation qui m\u2019apporte du r\u00e9confort. \u00a0 N\u2019y a-t-il personne dans le vide de l\u2019existence ?La vie fonctionne dans le n\u00e9ant de l\u2019errance. \u00a0 Je m\u2019ennuie, seul, face contre le mur.\u00a0 \u00a0&hellip; Poursuivre la lecture Po\u00e8me 1.12 : \u00c9crire dans un refuge au-del\u00e0.","og_url":"https:\/\/kornlebars.fr\/index.php\/2024\/07\/23\/poeme-1-10-ecrire-dans-un-refuge-au-dela\/","og_site_name":"Korn Le Bars","article_published_time":"2024-07-23T18:51:12+00:00","article_modified_time":"2025-06-03T15:00:03+00:00","og_image":[{"width":200,"height":200,"url":"http:\/\/kornlebars.fr\/wp-content\/uploads\/2024\/07\/10-2.jpg","type":"image\/jpeg"}],"author":"admin3941","twitter_card":"summary_large_image","twitter_misc":{"\u00c9crit par":"admin3941","Dur\u00e9e de lecture estim\u00e9e":"2 minutes"},"schema":{"@context":"https:\/\/schema.org","@graph":[{"@type":"Article","@id":"https:\/\/kornlebars.fr\/index.php\/2024\/07\/23\/poeme-1-10-ecrire-dans-un-refuge-au-dela\/#article","isPartOf":{"@id":"https:\/\/kornlebars.fr\/index.php\/2024\/07\/23\/poeme-1-10-ecrire-dans-un-refuge-au-dela\/"},"author":{"name":"admin3941","@id":"https:\/\/kornlebars.fr\/#\/schema\/person\/68652dfe8060d634ae2c989175cbc79a"},"headline":"Po\u00e8me 1.10 : \u00c9crire dans un refuge au-del\u00e0.","datePublished":"2024-07-23T18:51:12+00:00","dateModified":"2025-06-03T15:00:03+00:00","mainEntityOfPage":{"@id":"https:\/\/kornlebars.fr\/index.php\/2024\/07\/23\/poeme-1-10-ecrire-dans-un-refuge-au-dela\/"},"wordCount":315,"publisher":{"@id":"https:\/\/kornlebars.fr\/#organization"},"keywords":["\u00c9CRITS"],"articleSection":["Partie III\u00a0: Enragement \u00e9teint (2022)"],"inLanguage":"fr-FR"},{"@type":"WebPage","@id":"https:\/\/kornlebars.fr\/index.php\/2024\/07\/23\/poeme-1-10-ecrire-dans-un-refuge-au-dela\/","url":"https:\/\/kornlebars.fr\/index.php\/2024\/07\/23\/poeme-1-10-ecrire-dans-un-refuge-au-dela\/","name":"Po\u00e8me 1.10 : \u00c9crire dans un refuge au-del\u00e0. - Korn Le Bars","isPartOf":{"@id":"https:\/\/kornlebars.fr\/#website"},"datePublished":"2024-07-23T18:51:12+00:00","dateModified":"2025-06-03T15:00:03+00:00","breadcrumb":{"@id":"https:\/\/kornlebars.fr\/index.php\/2024\/07\/23\/poeme-1-10-ecrire-dans-un-refuge-au-dela\/#breadcrumb"},"inLanguage":"fr-FR","potentialAction":[{"@type":"ReadAction","target":["https:\/\/kornlebars.fr\/index.php\/2024\/07\/23\/poeme-1-10-ecrire-dans-un-refuge-au-dela\/"]}]},{"@type":"BreadcrumbList","@id":"https:\/\/kornlebars.fr\/index.php\/2024\/07\/23\/poeme-1-10-ecrire-dans-un-refuge-au-dela\/#breadcrumb","itemListElement":[{"@type":"ListItem","position":1,"name":"Accueil","item":"https:\/\/kornlebars.fr\/"},{"@type":"ListItem","position":2,"name":"Po\u00e8me 1.10 : \u00c9crire dans un refuge au-del\u00e0."}]},{"@type":"WebSite","@id":"https:\/\/kornlebars.fr\/#website","url":"https:\/\/kornlebars.fr\/","name":"Korn Le Bars","description":"Artiste - Auteur","publisher":{"@id":"https:\/\/kornlebars.fr\/#organization"},"potentialAction":[{"@type":"SearchAction","target":{"@type":"EntryPoint","urlTemplate":"https:\/\/kornlebars.fr\/?s={search_term_string}"},"query-input":"required name=search_term_string"}],"inLanguage":"fr-FR"},{"@type":"Organization","@id":"https:\/\/kornlebars.fr\/#organization","name":"Korn Le Bars","url":"https:\/\/kornlebars.fr\/","logo":{"@type":"ImageObject","inLanguage":"fr-FR","@id":"https:\/\/kornlebars.fr\/#\/schema\/logo\/image\/","url":"https:\/\/kornlebars.fr\/wp-content\/uploads\/2024\/02\/cropped-cropped-cropped-cropped-Plan-de-travail-11.png","contentUrl":"https:\/\/kornlebars.fr\/wp-content\/uploads\/2024\/02\/cropped-cropped-cropped-cropped-Plan-de-travail-11.png","width":701,"height":598,"caption":"Korn Le Bars"},"image":{"@id":"https:\/\/kornlebars.fr\/#\/schema\/logo\/image\/"}},{"@type":"Person","@id":"https:\/\/kornlebars.fr\/#\/schema\/person\/68652dfe8060d634ae2c989175cbc79a","name":"admin3941","image":{"@type":"ImageObject","inLanguage":"fr-FR","@id":"https:\/\/kornlebars.fr\/#\/schema\/person\/image\/","url":"https:\/\/secure.gravatar.com\/avatar\/1bb43a08730e4a5e35bd8231abd314109747ab0d2e3bffa098e2e5d78142e44d?s=96&d=mm&r=g","contentUrl":"https:\/\/secure.gravatar.com\/avatar\/1bb43a08730e4a5e35bd8231abd314109747ab0d2e3bffa098e2e5d78142e44d?s=96&d=mm&r=g","caption":"admin3941"},"sameAs":["http:\/\/kornlebars.fr"],"url":"https:\/\/kornlebars.fr\/index.php\/author\/admin3941\/"}]}},"_links":{"self":[{"href":"https:\/\/kornlebars.fr\/index.php\/wp-json\/wp\/v2\/posts\/3206","targetHints":{"allow":["GET"]}}],"collection":[{"href":"https:\/\/kornlebars.fr\/index.php\/wp-json\/wp\/v2\/posts"}],"about":[{"href":"https:\/\/kornlebars.fr\/index.php\/wp-json\/wp\/v2\/types\/post"}],"author":[{"embeddable":true,"href":"https:\/\/kornlebars.fr\/index.php\/wp-json\/wp\/v2\/users\/1"}],"replies":[{"embeddable":true,"href":"https:\/\/kornlebars.fr\/index.php\/wp-json\/wp\/v2\/comments?post=3206"}],"version-history":[{"count":22,"href":"https:\/\/kornlebars.fr\/index.php\/wp-json\/wp\/v2\/posts\/3206\/revisions"}],"predecessor-version":[{"id":5574,"href":"https:\/\/kornlebars.fr\/index.php\/wp-json\/wp\/v2\/posts\/3206\/revisions\/5574"}],"wp:featuredmedia":[{"embeddable":true,"href":"https:\/\/kornlebars.fr\/index.php\/wp-json\/wp\/v2\/media\/3211"}],"wp:attachment":[{"href":"https:\/\/kornlebars.fr\/index.php\/wp-json\/wp\/v2\/media?parent=3206"}],"wp:term":[{"taxonomy":"category","embeddable":true,"href":"https:\/\/kornlebars.fr\/index.php\/wp-json\/wp\/v2\/categories?post=3206"},{"taxonomy":"post_tag","embeddable":true,"href":"https:\/\/kornlebars.fr\/index.php\/wp-json\/wp\/v2\/tags?post=3206"}],"curies":[{"name":"wp","href":"https:\/\/api.w.org\/{rel}","templated":true}]}}