{"id":3946,"date":"2024-07-27T18:37:22","date_gmt":"2024-07-27T16:37:22","guid":{"rendered":"https:\/\/kornlebars.fr\/?p=3946"},"modified":"2024-09-22T18:39:24","modified_gmt":"2024-09-22T16:39:24","slug":"histoire-n2-le-complot","status":"publish","type":"post","link":"https:\/\/kornlebars.fr\/index.php\/2024\/07\/27\/histoire-n2-le-complot\/","title":{"rendered":"Histoire n\u00b02\u00a0: Le complot."},"content":{"rendered":"\t\t<div data-elementor-type=\"wp-post\" data-elementor-id=\"3946\" class=\"elementor elementor-3946\">\n\t\t\t\t<div class=\"elementor-element elementor-element-498cd35 e-flex e-con-boxed e-con e-parent\" data-id=\"498cd35\" data-element_type=\"container\" data-settings=\"{&quot;content_width&quot;:&quot;boxed&quot;}\" data-core-v316-plus=\"true\">\n\t\t\t\t\t<div class=\"e-con-inner\">\n\t\t\t\t<div class=\"elementor-element elementor-element-52b0d8c elementor-widget elementor-widget-heading\" data-id=\"52b0d8c\" data-element_type=\"widget\" data-widget_type=\"heading.default\">\n\t\t\t\t<div class=\"elementor-widget-container\">\n\t\t\t<style>\/*! elementor - v3.19.0 - 07-02-2024 *\/\n.elementor-heading-title{padding:0;margin:0;line-height:1}.elementor-widget-heading .elementor-heading-title[class*=elementor-size-]>a{color:inherit;font-size:inherit;line-height:inherit}.elementor-widget-heading .elementor-heading-title.elementor-size-small{font-size:15px}.elementor-widget-heading .elementor-heading-title.elementor-size-medium{font-size:19px}.elementor-widget-heading .elementor-heading-title.elementor-size-large{font-size:29px}.elementor-widget-heading .elementor-heading-title.elementor-size-xl{font-size:39px}.elementor-widget-heading .elementor-heading-title.elementor-size-xxl{font-size:59px}<\/style><h1 class=\"elementor-heading-title elementor-size-default\">Le complot<\/h1>\t\t<\/div>\n\t\t\t\t<\/div>\n\t\t\t\t<div class=\"elementor-element elementor-element-4d385d7 elementor-widget-divider--view-line_text elementor-widget-divider--element-align-center elementor-widget elementor-widget-divider\" data-id=\"4d385d7\" data-element_type=\"widget\" data-widget_type=\"divider.default\">\n\t\t\t\t<div class=\"elementor-widget-container\">\n\t\t\t<style>\/*! elementor - v3.19.0 - 07-02-2024 *\/\n.elementor-widget-divider{--divider-border-style:none;--divider-border-width:1px;--divider-color:#0c0d0e;--divider-icon-size:20px;--divider-element-spacing:10px;--divider-pattern-height:24px;--divider-pattern-size:20px;--divider-pattern-url:none;--divider-pattern-repeat:repeat-x}.elementor-widget-divider .elementor-divider{display:flex}.elementor-widget-divider .elementor-divider__text{font-size:15px;line-height:1;max-width:95%}.elementor-widget-divider .elementor-divider__element{margin:0 var(--divider-element-spacing);flex-shrink:0}.elementor-widget-divider .elementor-icon{font-size:var(--divider-icon-size)}.elementor-widget-divider .elementor-divider-separator{display:flex;margin:0;direction:ltr}.elementor-widget-divider--view-line_icon .elementor-divider-separator,.elementor-widget-divider--view-line_text .elementor-divider-separator{align-items:center}.elementor-widget-divider--view-line_icon .elementor-divider-separator:after,.elementor-widget-divider--view-line_icon .elementor-divider-separator:before,.elementor-widget-divider--view-line_text .elementor-divider-separator:after,.elementor-widget-divider--view-line_text .elementor-divider-separator:before{display:block;content:\"\";border-block-end:0;flex-grow:1;border-block-start:var(--divider-border-width) var(--divider-border-style) var(--divider-color)}.elementor-widget-divider--element-align-left .elementor-divider .elementor-divider-separator>.elementor-divider__svg:first-of-type{flex-grow:0;flex-shrink:100}.elementor-widget-divider--element-align-left .elementor-divider-separator:before{content:none}.elementor-widget-divider--element-align-left .elementor-divider__element{margin-left:0}.elementor-widget-divider--element-align-right .elementor-divider .elementor-divider-separator>.elementor-divider__svg:last-of-type{flex-grow:0;flex-shrink:100}.elementor-widget-divider--element-align-right .elementor-divider-separator:after{content:none}.elementor-widget-divider--element-align-right .elementor-divider__element{margin-right:0}.elementor-widget-divider--element-align-start .elementor-divider .elementor-divider-separator>.elementor-divider__svg:first-of-type{flex-grow:0;flex-shrink:100}.elementor-widget-divider--element-align-start .elementor-divider-separator:before{content:none}.elementor-widget-divider--element-align-start .elementor-divider__element{margin-inline-start:0}.elementor-widget-divider--element-align-end .elementor-divider .elementor-divider-separator>.elementor-divider__svg:last-of-type{flex-grow:0;flex-shrink:100}.elementor-widget-divider--element-align-end .elementor-divider-separator:after{content:none}.elementor-widget-divider--element-align-end .elementor-divider__element{margin-inline-end:0}.elementor-widget-divider:not(.elementor-widget-divider--view-line_text):not(.elementor-widget-divider--view-line_icon) .elementor-divider-separator{border-block-start:var(--divider-border-width) var(--divider-border-style) var(--divider-color)}.elementor-widget-divider--separator-type-pattern{--divider-border-style:none}.elementor-widget-divider--separator-type-pattern.elementor-widget-divider--view-line .elementor-divider-separator,.elementor-widget-divider--separator-type-pattern:not(.elementor-widget-divider--view-line) .elementor-divider-separator:after,.elementor-widget-divider--separator-type-pattern:not(.elementor-widget-divider--view-line) .elementor-divider-separator:before,.elementor-widget-divider--separator-type-pattern:not([class*=elementor-widget-divider--view]) .elementor-divider-separator{width:100%;min-height:var(--divider-pattern-height);-webkit-mask-size:var(--divider-pattern-size) 100%;mask-size:var(--divider-pattern-size) 100%;-webkit-mask-repeat:var(--divider-pattern-repeat);mask-repeat:var(--divider-pattern-repeat);background-color:var(--divider-color);-webkit-mask-image:var(--divider-pattern-url);mask-image:var(--divider-pattern-url)}.elementor-widget-divider--no-spacing{--divider-pattern-size:auto}.elementor-widget-divider--bg-round{--divider-pattern-repeat:round}.rtl .elementor-widget-divider .elementor-divider__text{direction:rtl}.e-con-inner>.elementor-widget-divider,.e-con>.elementor-widget-divider{width:var(--container-widget-width,100%);--flex-grow:var(--container-widget-flex-grow)}<\/style>\t\t<div class=\"elementor-divider\">\n\t\t\t<span class=\"elementor-divider-separator\">\n\t\t\t\t\t\t\t<h2 class=\"elementor-divider__text elementor-divider__element\">\n\t\t\t\tHistoire n\u00b02\t\t\t\t<\/h2>\n\t\t\t\t\t\t<\/span>\n\t\t<\/div>\n\t\t\t\t<\/div>\n\t\t\t\t<\/div>\n\t\t\t\t<div class=\"elementor-element elementor-element-ce86d8d elementor-widget__width-inherit elementor-widget elementor-widget-text-editor\" data-id=\"ce86d8d\" data-element_type=\"widget\" data-widget_type=\"text-editor.default\">\n\t\t\t\t<div class=\"elementor-widget-container\">\n\t\t\t<style>\/*! elementor - v3.19.0 - 07-02-2024 *\/\n.elementor-widget-text-editor.elementor-drop-cap-view-stacked .elementor-drop-cap{background-color:#69727d;color:#fff}.elementor-widget-text-editor.elementor-drop-cap-view-framed .elementor-drop-cap{color:#69727d;border:3px solid;background-color:transparent}.elementor-widget-text-editor:not(.elementor-drop-cap-view-default) .elementor-drop-cap{margin-top:8px}.elementor-widget-text-editor:not(.elementor-drop-cap-view-default) .elementor-drop-cap-letter{width:1em;height:1em}.elementor-widget-text-editor .elementor-drop-cap{float:left;text-align:center;line-height:1;font-size:50px}.elementor-widget-text-editor .elementor-drop-cap-letter{display:inline-block}<\/style>\t\t\t\t<p class=\"p2\"><strong style=\"text-align: var(--text-align); color: var(--global--color-primary); font-size: var(--global--font-size-base);\"><em><span style=\"vertical-align: inherit;\"><span style=\"vertical-align: inherit;\">\u00ab La peur nourrit l&rsquo;imagination \u00bb <\/span><\/span><\/em><\/strong><strong style=\"text-align: var(--text-align); color: var(--global--color-primary); font-size: var(--global--font-size-base);\"><em><span style=\"vertical-align: inherit;\"><span style=\"vertical-align: inherit;\">, Joseph Joubert.<\/span><\/span><\/em><\/strong><\/p>\n<p><strong><em>&nbsp;<\/em><\/strong><\/p>\n<p><strong><em><span style=\"vertical-align: inherit;\"><span style=\"vertical-align: inherit;\">\u00ab Le bien et le mal ne sont pas des grandeurs parfaitement oppos\u00e9es l&rsquo;une \u00e0 l&rsquo;autre ; le bien souvent accouche du mal et la capacit\u00e9 de voir le mal en face est ce qui nous ouvre la capacit\u00e9 d&rsquo;un bien relatif \u00bb <\/span><\/span><\/em><\/strong><strong style=\"text-align: var(--text-align); color: var(--global--color-primary); font-size: var(--global--font-size-base);\"><em><span style=\"vertical-align: inherit;\"><span style=\"vertical-align: inherit;\">, Andr\u00e9 Glucksmann.<\/span><\/span><\/em><\/strong><\/p>\n<p><strong style=\"text-align: var(--text-align); color: var(--global--color-primary); font-size: var(--global--font-size-base);\"><em>&nbsp;<\/em><\/strong><\/p>\n<p><span style=\"vertical-align: inherit;\"><span style=\"vertical-align: inherit;\">Jason n&rsquo;avait pas termin\u00e9 de tracer sa route quand il prit la direction du chemin de la gare. <\/span><\/span><br><span style=\"vertical-align: inherit;\"><span style=\"vertical-align: inherit;\">La gare se trouvait \u00e0 mi-chemin entre la ville et sa banlieue monotone.&nbsp; &nbsp; &nbsp; &nbsp; &nbsp;<\/span><\/span><\/p>\n<p><span style=\"vertical-align: inherit;\"><span style=\"vertical-align: inherit;\">La veille horloge de l&rsquo;h\u00f4tel de ville venait de sonner : il \u00e9tait 22 h et il commen\u00e7ait \u00e0 se faire tard dans cette triste ville. La nuit \u00e9tait sombre telle un manteau opaque. Elle \u00e9tait d&rsquo;une obscurit\u00e9 \u00e9clatante et morbide, ce genre d&rsquo;obscurit\u00e9 qui lui faisait perdre la raison dans ses pens\u00e9es et cauchemars.<\/span><\/span><\/p>\n<p><span style=\"vertical-align: inherit;\"><span style=\"vertical-align: inherit;\">Nous \u00e9tions en novembre et il faisait encore assez chaud.&nbsp; &nbsp; &nbsp; &nbsp; &nbsp; &nbsp; &nbsp; &nbsp; &nbsp; &nbsp; &nbsp; &nbsp; &nbsp; &nbsp; &nbsp; &nbsp;<\/span><\/span><\/p>\n<p><span style=\"vertical-align: inherit;\"><span style=\"vertical-align: inherit;\">Jason se rappelait des hivers qu&rsquo;il avait pass\u00e9s dans son enfance. Il s&rsquo;en souvenait tr\u00e8s bien et ne comprenait pas cette absurdit\u00e9. L&rsquo;hiver approchait et une chaleur accablante se faisait sentir. Il transpirait \u00e0 grandes gouttes de sueur et cela l&rsquo;angoissait.<\/span><\/span><\/p>\n<p><span style=\"vertical-align: inherit;\"><span style=\"vertical-align: inherit;\">Nous \u00e9tions en 2075 et l&rsquo;air de l&rsquo;atmosph\u00e8re que respirait Jason le faisait tousser quelquefois.&nbsp; &nbsp; &nbsp; &nbsp; &nbsp; &nbsp; &nbsp; &nbsp; &nbsp; &nbsp; &nbsp; &nbsp;<\/span><\/span><\/p>\n<p><span style=\"vertical-align: inherit;\"><span style=\"vertical-align: inherit;\">Malgr\u00e9 tout, cela faisait dix ans qu&rsquo;il avait arr\u00eat\u00e9 de fumer car il n&rsquo;en avait plus les moyens, en plus de son asthme, et en raison de son maigre salaire d&#8217;employ\u00e9 libre-service qui lui suffisait \u00e0 peine \u00e0 payer son loyer dans un immeuble de la banlieue ouest de la capitale. Il \u00e9tait frustr\u00e9 de vivre car il \u00e9tait seul, isol\u00e9 et n&rsquo;avait plus vraiment de contact avec sa famille. Ses parents ne communiquaient plus avec lui.<\/span><\/span><\/p>\n<p><span style=\"vertical-align: inherit;\"><span style=\"vertical-align: inherit;\">&nbsp;<\/span><\/span><\/p>\n<p><span style=\"vertical-align: inherit;\"><span style=\"vertical-align: inherit;\">Il arrive pr\u00e8s d&rsquo;une route et la traversa, alors que soudain, un automobiliste passa \u00e0 vive allure \u00e0 quelques centim\u00e8tres de lui sens s&rsquo;arr\u00eater.<\/span><\/span><\/p>\n<p><span style=\"vertical-align: inherit;\"><span style=\"vertical-align: inherit;\">&#8211; \u00ab Quel enfoir\u00e9 ! \u00bb s&rsquo;\u00e9cria Jason.<\/span><\/span><\/p>\n<p><span style=\"vertical-align: inherit;\"><span style=\"vertical-align: inherit;\">Il se demandait pourquoi la plupart des conducteurs roulaient de plus en plus vite. Il se rappelle que la vitesse avait augment\u00e9 ces derni\u00e8res ann\u00e9es en raison de l&rsquo;utilisation de l&rsquo;intelligence artificielle avec la robotisation des v\u00e9hicules, comme le rythme du travail.<\/span><\/span><\/p>\n<p><span style=\"vertical-align: inherit;\"><span style=\"vertical-align: inherit;\">On \u00e9tait pass\u00e9 de 35 \u00e0 45 heures, puis \u00e0 50 heures par semaine, et le salaire n&rsquo;avait pas augment\u00e9, depuis plus de 20 ans. Le gouvernement ne tient plus compte de la pr\u00e9carit\u00e9 de ses citoyens. Pour faute, de plus en plus de sans-abris peuplaient les rues. Jason avait peur de s&rsquo;y retrouver lui aussi, et les centres d&rsquo;aide sociale se faisaient de plus en plus rares.<\/span><\/span><\/p>\n<p><span style=\"vertical-align: inherit;\"><span style=\"vertical-align: inherit;\">Il avait toujours mis de c\u00f4t\u00e9 des \u00e9conomies de r\u00e9serve mais ces derniers mois avaient \u00e9t\u00e9 assez durs financi\u00e8rement et son compte en banque commen\u00e7ait \u00e0 manquer. Il avait d\u00fb faire face \u00e0 la hausse de son loyer par les membres des r\u00e9gimes sociaux, RAS, <\/span><\/span><em><span style=\"vertical-align: inherit;\"><span style=\"vertical-align: inherit;\">les r\u00e9publicains anarchiques du syst\u00e8me<\/span><\/span><\/em><span style=\"vertical-align: inherit;\"><span style=\"vertical-align: inherit;\"> , mais il savait que cette d\u00e9signation \u00e9tait fausse : le gouvernement n&rsquo;avait plus de pr\u00e9sident depuis 2048.<\/span><\/span><\/p>\n<p><span style=\"vertical-align: inherit;\"><span style=\"vertical-align: inherit;\">En effet, un r\u00e9gime totalitaire avait pris le pouvoir et le contr\u00f4le \u00e9conomique de la capitale dans la terre. Le pays s&rsquo;\u00e9tait divis\u00e9 en diff\u00e9rentes provinces ind\u00e9pendantes. Les fronti\u00e8res \u00e9taient ferm\u00e9es et on ne savait pas grand-chose sur le reste du monde.&nbsp;&nbsp;&nbsp;&nbsp;&nbsp;&nbsp;&nbsp;&nbsp;&nbsp;&nbsp;&nbsp;&nbsp;&nbsp;&nbsp;&nbsp;&nbsp;&nbsp;&nbsp;&nbsp;&nbsp;&nbsp;&nbsp;&nbsp;&nbsp;&nbsp;&nbsp;&nbsp;&nbsp;&nbsp;&nbsp;&nbsp;&nbsp;&nbsp;&nbsp;&nbsp;&nbsp;&nbsp;&nbsp;&nbsp;&nbsp;&nbsp;&nbsp;&nbsp;&nbsp;&nbsp;<\/span><\/span><\/p>\n<p><span style=\"vertical-align: inherit;\"><span style=\"vertical-align: inherit;\">Il y avait dans la capitale et dans le Nord-Est un r\u00e9gime supprimant l&rsquo;\u00e9tat de droit, gouvern\u00e9 par une organisation de cit\u00e9s, un syst\u00e8me de surveillance g\u00e9n\u00e9ralis\u00e9 de l&rsquo;individu et des milices gouvernementales ; tandis que le reste du pays \u00e9tait devenu anarchique.<\/span><\/span><\/p>\n<p><span style=\"vertical-align: inherit;\"><span style=\"vertical-align: inherit;\">On ne parlait plus du monde ext\u00e9rieur et il n&rsquo;y avait plus de nouvelles.<\/span><\/span><\/p>\n<p><span style=\"vertical-align: inherit;\"><span style=\"vertical-align: inherit;\">Depuis que les m\u00e9dias avaient disparu, mis \u00e0 part la propagande de masse nationale, ce monde avait sombr\u00e9 dans l&rsquo;obscurit\u00e9 abyssale de l&rsquo;information et ce que l&rsquo;on avait nomm\u00e9 internet, jadis, n&rsquo;existait peut-\u00eatre pratiquement plus.<\/span><\/span><\/p>\n<p><span style=\"vertical-align: inherit;\"><span style=\"vertical-align: inherit;\">Internet \u00e9tait r\u00e9gi et ordonn\u00e9 par le contr\u00f4le d&rsquo;une intelligence artificielle qui la contenait pour son extinction.&nbsp;&nbsp;&nbsp;&nbsp;&nbsp;&nbsp;&nbsp;&nbsp;&nbsp;&nbsp;&nbsp;&nbsp;&nbsp;&nbsp;&nbsp;&nbsp;&nbsp;&nbsp;&nbsp;&nbsp;&nbsp;&nbsp;&nbsp;&nbsp;&nbsp;&nbsp;&nbsp;&nbsp;&nbsp;&nbsp;&nbsp;&nbsp;&nbsp;&nbsp;&nbsp;&nbsp;&nbsp;&nbsp;&nbsp;&nbsp;&nbsp;&nbsp;&nbsp;&nbsp;&nbsp;&nbsp;&nbsp;&nbsp;&nbsp;&nbsp;&nbsp;&nbsp;&nbsp;&nbsp;&nbsp;&nbsp;&nbsp;&nbsp;&nbsp;<\/span><\/span><\/p>\n<p><span style=\"vertical-align: inherit;\"><span style=\"vertical-align: inherit;\">Ce qui en r\u00e9sultatait, c&rsquo;est qu&rsquo;on murmurait par bouche \u00e0 oreille, dans le secret, ce qui se passait au-del\u00e0 des fronti\u00e8res.&nbsp;<\/span><\/span><\/p>\n<p><span style=\"vertical-align: inherit;\"><span style=\"vertical-align: inherit;\">Internet s&rsquo;\u00e9tait effondr\u00e9 chaotiquement dans les ann\u00e9es 40 \u00e0 cause d&rsquo;une cyberguerre plan\u00e9taire d\u00e9vastatrice.&nbsp;<\/span><\/span><\/p>\n<p><span style=\"vertical-align: inherit;\"><span style=\"vertical-align: inherit;\">C&rsquo;\u00e9tait une intelligence artificielle mise au point par une coalition de r\u00e9gimes nomm\u00e9s : <\/span><\/span><em><span style=\"vertical-align: inherit;\"><span style=\"vertical-align: inherit;\">Rebecca<\/span><\/span><\/em><span style=\"vertical-align: inherit;\"><span style=\"vertical-align: inherit;\"> , qui avait \u00e9t\u00e9 charg\u00e9e de d\u00e9truire internet au fur et \u00e0 mesure des ann\u00e9es en effa\u00e7ant toutes ses donn\u00e9es, mais on ne savait plus tr\u00e8s bien si cela \u00e9tait termin\u00e9.<\/span><\/span><\/p>\n<p><span style=\"vertical-align: inherit;\"><span style=\"vertical-align: inherit;\">&nbsp;<\/span><\/span><\/p>\n<p><span style=\"vertical-align: inherit;\"><span style=\"vertical-align: inherit;\">Jason continue \u00e0 marcher, chantant \u00e0 ce qu&rsquo;il allait pouvoir d\u00e9guster ce soir. Il \u00e9tait 22h 30 et la journ\u00e9e de travail l&rsquo;avait \u00e9puis\u00e9e. Il se souvint du go\u00fbt nostalgique de la viande et du poisson frais. H\u00e9las, il se demandait s&rsquo;il en mangerait encore un jour.&nbsp;&nbsp;&nbsp;&nbsp;&nbsp;&nbsp;&nbsp;&nbsp;&nbsp;&nbsp;&nbsp;&nbsp;&nbsp;&nbsp;&nbsp;&nbsp;&nbsp;&nbsp;&nbsp;&nbsp;&nbsp;&nbsp;&nbsp;&nbsp;&nbsp;&nbsp;&nbsp;&nbsp;&nbsp;&nbsp;&nbsp;&nbsp;&nbsp;&nbsp;&nbsp;&nbsp;&nbsp;&nbsp;&nbsp;&nbsp;&nbsp;&nbsp;&nbsp;&nbsp;&nbsp;&nbsp;<\/span><\/span><\/p>\n<p><span style=\"vertical-align: inherit;\"><span style=\"vertical-align: inherit;\">Il commen\u00e7a \u00e0 pleurer et Jason courut se r\u00e9fugier \u00e0 un vieil arr\u00eat de bus abandonn\u00e9 dans l&rsquo;obscurit\u00e9 de la nuit. Il se d\u00e9p\u00eacha et tomba sur une affiche en papier \u00e0 l&rsquo;int\u00e9rieure de l&rsquo;arr\u00eat \u00ab stop \u00bb.<\/span><\/span><\/p>\n<p><span style=\"vertical-align: inherit;\"><span style=\"vertical-align: inherit;\">Il y avait \u00e9crit dessus cette phrase : \u00ab&nbsp; <\/span><\/span><em><span style=\"vertical-align: inherit;\"><span style=\"vertical-align: inherit;\">Pour l&rsquo;ordre, la s\u00e9curit\u00e9, et la survie de la race, pr\u00f4nez l&rsquo;ob\u00e9issance<\/span><\/span><\/em><span style=\"vertical-align: inherit;\"><span style=\"vertical-align: inherit;\"> &nbsp;\u00bb. Cette affiche datait de quelques ann\u00e9es et ses couleurs commen\u00e7aient \u00e0 se d\u00e9colorer. On ne pouvait pas savoir vraiment de quelles ann\u00e9es pr\u00e9cises cela datait. Il y avait \u00e9t\u00e9 tagu\u00e9 rapidement en noir : \u00ab&nbsp; <\/span><\/span><em><span style=\"vertical-align: inherit;\"><span style=\"vertical-align: inherit;\">Soci\u00e9t\u00e9 ali\u00e9nante&nbsp;<\/span><\/span><\/em><span style=\"vertical-align: inherit;\"><span style=\"vertical-align: inherit;\"> \u00bb.<\/span><\/span><\/p>\n<p><span style=\"vertical-align: inherit;\"><span style=\"vertical-align: inherit;\">&nbsp;&nbsp;&nbsp;&nbsp;&nbsp;&nbsp;&nbsp;&nbsp;&nbsp;&nbsp;&nbsp;&nbsp;&nbsp;&nbsp;&nbsp;&nbsp;&nbsp;&nbsp;&nbsp;&nbsp;&nbsp;&nbsp;&nbsp;&nbsp;&nbsp;&nbsp;&nbsp;&nbsp;&nbsp;&nbsp;&nbsp;&nbsp;&nbsp;&nbsp;&nbsp;&nbsp;&nbsp;&nbsp;&nbsp;&nbsp;&nbsp;&nbsp;&nbsp;&nbsp;&nbsp;&nbsp;&nbsp;&nbsp;&nbsp;&nbsp;&nbsp;&nbsp;&nbsp;&nbsp;&nbsp;&nbsp;&nbsp;&nbsp;&nbsp;&nbsp;&nbsp;&nbsp;&nbsp;&nbsp;&nbsp;&nbsp;&nbsp;&nbsp;&nbsp;&nbsp;&nbsp;&nbsp;&nbsp;&nbsp;&nbsp;&nbsp;&nbsp;&nbsp;&nbsp;&nbsp;&nbsp;&nbsp;&nbsp;&nbsp;&nbsp;&nbsp;&nbsp;&nbsp;&nbsp;<\/span><\/span><\/p>\n<p><span style=\"vertical-align: inherit;\"><span style=\"vertical-align: inherit;\">Jason, fatigu\u00e9, s&rsquo;assit sur le banc. Il d\u00e9sirait attendre que la pluie, humide malgr\u00e9 la chaleur, cesse de tomber. Il entendait le son de la pluie et il \u00e9tait seul dans le noir. Il n&rsquo;y avait plus de lumi\u00e8re \u00e0 cette heure-l\u00e0.<\/span><\/span><\/p>\n<p><span style=\"vertical-align: inherit;\"><span style=\"vertical-align: inherit;\">La commune du district de la ville ne poss\u00e9dait pas vraiment de lampadaires, seulement quelques-uns qui \u00e9clairaient les grandes routes. Cela permettait de forcer le peuple \u00e0 rester obligatoirement chez lui. Telles en \u00e9taient les applications du r\u00e9gime de la capitale.<\/span><\/span><\/p>\n<p><span style=\"vertical-align: inherit;\"><span style=\"vertical-align: inherit;\">La pluie se faisait de plus en plus violente et des orages grondaient dans le ciel de novembre.<\/span><\/span><\/p>\n<p><span style=\"vertical-align: inherit;\"><span style=\"vertical-align: inherit;\">Il aper\u00e7ut au loin quelques automobiles pass\u00e9es et une personne vint s&rsquo;abriter contre l&rsquo;arr\u00eat \u00e0 ses c\u00f4t\u00e9s.<\/span><\/span><\/p>\n<p><span style=\"vertical-align: inherit;\"><span style=\"vertical-align: inherit;\">&#8211; \u00ab Auriez-vous du feu, s&rsquo;il vous plait ? \u00bb exigea-t-il.&nbsp;&nbsp;<\/span><\/span><\/p>\n<p><span style=\"vertical-align: inherit;\"><span style=\"vertical-align: inherit;\">&#8211; \u00ab Non, d\u00e9sol\u00e9, je n&rsquo;en ai pas et je ne fume plus \u00bb, s&rsquo;exclama Jason.<\/span><\/span><\/p>\n<p><span style=\"vertical-align: inherit;\"><span style=\"vertical-align: inherit;\">La personne \u00e9tait un gar\u00e7on d&rsquo;une quarantaine d&rsquo;ann\u00e9es, les chaussures trou\u00e9es et un pantalon tach\u00e9. On aurait dit un sans-abri qui ne savait plus o\u00f9 aller. Le monsieur ne r\u00e9pondit pas et s&rsquo;assit \u00e0 quelques m\u00e8tres de Jason.<\/span><\/span><\/p>\n<p><span style=\"vertical-align: inherit;\"><span style=\"vertical-align: inherit;\">La pluie tapait toujours autant.<\/span><\/span><\/p>\n<p><span style=\"vertical-align: inherit;\"><span style=\"vertical-align: inherit;\">&nbsp;&#8211; \u00ab Eh bien, dis donc, quel temps de chien\u2026 \u00bb lance Jason. \u00ab Nous sommes bien en novembre. \u00bb<\/span><\/span><\/p>\n<p><span style=\"vertical-align: inherit;\"><span style=\"vertical-align: inherit;\">Le monsieur l&rsquo;\u00e9couta mais ne r\u00e9pondit pas. Jason se sentait seul. Il est vrai qu&rsquo;il parlait rarement aux gens, mis \u00e0 part dans son travail au supermarch\u00e9 de la ville.&nbsp;&nbsp;&nbsp;&nbsp;&nbsp;&nbsp;&nbsp;&nbsp;&nbsp;&nbsp;&nbsp;&nbsp;&nbsp;&nbsp;&nbsp;&nbsp;&nbsp;&nbsp;&nbsp;&nbsp;&nbsp;&nbsp;&nbsp;&nbsp;&nbsp;&nbsp;<\/span><\/span><\/p>\n<p><span style=\"vertical-align: inherit;\"><span style=\"vertical-align: inherit;\">Ancien hippie, il avait peu d&rsquo;amis. Ses liens sociaux, et les liens sociaux du peuple s&rsquo;\u00e9taient appauvris. Les gens avaient peur, \u00e9taient tristes et de plus en plus individualistes pour survivre dans la terreur.<\/span><\/span><\/p>\n<p><span style=\"vertical-align: inherit;\"><span style=\"vertical-align: inherit;\">Les \u00e9crans de propagande et la robotisation du syst\u00e8me avaient refroidi les liens sociaux. On ne pouvait plus se rassembler. Les gens ne parlaient plus que par messages crypt\u00e9s, lettres, et \u00e9coutaient de la musique \u00e9lectronique pour d\u00e9compresser leurs neurones du stress ambiant, de la pollution atmosph\u00e9rique, et du syst\u00e8me d&rsquo;oppression gouvernementale violente.<\/span><\/span><\/p>\n<p><span style=\"vertical-align: inherit;\"><span style=\"vertical-align: inherit;\">Jason se souvint de son enfance en soupirant dans les ann\u00e9es 2040 et 50, ses plus heureuses ann\u00e9es o\u00f9 la m\u00e9lancolie et le marasme de la vie n&rsquo;\u00e9taient pas encore si lourds.<\/span><\/span><\/p>\n<p><span style=\"vertical-align: inherit;\"><span style=\"vertical-align: inherit;\">Jason avait un temp\u00e9rament plut\u00f4t timide, solitaire, sensible et nerveux.&nbsp;&nbsp;&nbsp;&nbsp;&nbsp;&nbsp;&nbsp;&nbsp;&nbsp;&nbsp;&nbsp;&nbsp;&nbsp;&nbsp;&nbsp;&nbsp;&nbsp;&nbsp;&nbsp;&nbsp;&nbsp;&nbsp;&nbsp;&nbsp;&nbsp;&nbsp;&nbsp;&nbsp;&nbsp;&nbsp;&nbsp;&nbsp;<\/span><\/span><\/p>\n<p><span style=\"vertical-align: inherit;\"><span style=\"vertical-align: inherit;\">Il aimait lire les livres autoris\u00e9s par le r\u00e9gime, dessiner en cachette dans son studio, se promener quand la police, les robots tueurs et le couvre-feu le permettaient. Il aimait le paysage de la for\u00eat et allait s&rsquo;y aventurier quand il avait le temps malgr\u00e9 la surcharge de travail.&nbsp; &nbsp;<\/span><\/span><\/p>\n<p><span style=\"vertical-align: inherit;\"><span style=\"vertical-align: inherit;\">Jason \u00e9tait c\u00e9libataire ; il avait 35 ans mais en paraissait 40 physiquement. Son travail l&rsquo;avait diminu\u00e9, vieillissait pr\u00e9matur\u00e9ment et \u00e9teint son souffle de vie. Son \u00e9lan vital \u00e9tait faible.<\/span><\/span><\/p>\n<p><span style=\"vertical-align: inherit;\"><span style=\"vertical-align: inherit;\">Et voil\u00e0 qu&rsquo;il songeait d\u00e9j\u00e0 en se disant : \u00ab la vie n&rsquo;a pas de sens dans ce monde, ce n&rsquo;est qu&rsquo;une maladie sexuellement transmissible, et malgr\u00e9 tout je continue \u00e0 survivre \u00bb.<\/span><\/span><\/p>\n<p><span style=\"vertical-align: inherit;\"><span style=\"vertical-align: inherit;\">Il souffrait comme la plupart des citoyens de d\u00e9pression et d&rsquo;un mal \u00eatre existentiel chronique qui le rongeait psychiquement et sentimentalement. Il d\u00e9clare regretter d&rsquo;exister mais redouter le suicide auquel il avait d\u00e9j\u00e0 song\u00e9, redoutant la souffrance et la mort. Le monde violent et la soci\u00e9t\u00e9 l&rsquo;oppressaient et cela le rendait solitaire.<\/span><\/span><\/p>\n<p><span style=\"vertical-align: inherit;\"><span style=\"vertical-align: inherit;\">En effet, les gens sensibles \u00e9taient tr\u00e8s mal adapt\u00e9s au r\u00e9gime, et se d\u00e9veloppaient dans certains cas de pathologies psychiatriques provoqu\u00e9es en premier lieu par leur grande sensibilit\u00e9, ce qui les rendait fragiles mentalement, incompris, rejet\u00e9s et stigmatis\u00e9s par leurs diff\u00e9rences, comme les homosexuels et les sans-abris.<\/span><\/span><\/p>\n<p><span style=\"vertical-align: inherit;\"><span style=\"vertical-align: inherit;\">Sur les traits d&rsquo;ali\u00e9n\u00e9s, d&rsquo;handicap\u00e9s, d&rsquo;assist\u00e9s, de fous, de fain\u00e9ants ou encore de faibles. Le syst\u00e8me avait d\u00e9j\u00e0 menac\u00e9 d&rsquo;\u00e9purer la population en supprimant les faibles, par une purge, contre les \u00ab parasites \u00bb comme il les nommait, ceux qui osaient penser diff\u00e9remment. L&rsquo;id\u00e9ologie du syst\u00e8me \u00e9tait vulgaris\u00e9e par certaines personnes comme cette expression rageuse \u00ab marche ou cr\u00e8ve \u00bb.<\/span><\/span><\/p>\n<p><span style=\"vertical-align: inherit;\"><span style=\"vertical-align: inherit;\">L&rsquo;hypocrisie et la l\u00e2chet\u00e9 se cachaient derri\u00e8re la conscience du totalitarisme de masse. Les gens se d\u00e9non\u00e7aient entre eux.<\/span><\/span><\/p>\n<p><span style=\"vertical-align: inherit;\"><span style=\"vertical-align: inherit;\">Jason ne pouvait rien y faire mis \u00e0 part accepter la norme, une race pr\u00e9dominante de travailleurs, qui r\u00e9gnait dans la capitale, et qui r\u00e9torquer \u00ab l&rsquo;ultra comp\u00e9tence, l&rsquo;ultra performance de nos citoyens, c&rsquo;est la survie de la race \u00bb.<\/span><\/span><\/p>\n<p><span style=\"vertical-align: inherit;\"><span style=\"vertical-align: inherit;\">D\u00e8s qu&rsquo;une milice r\u00e9p\u00e9rait un \u00ab faible \u00bb elle venait l&rsquo;agresser pour lui faire comprendre le go\u00fbt de la violence, de l&rsquo;injustice, de la cruaut\u00e9 de la vie et lui permettre d&rsquo;\u00e9voluer. On appelait les miliciens \u00ab les purificateurs \u00bb.<\/span><\/span><\/p>\n<p><span style=\"vertical-align: inherit;\"><span style=\"vertical-align: inherit;\">&nbsp;<\/span><\/span><\/p>\n<p><span style=\"vertical-align: inherit;\"><span style=\"vertical-align: inherit;\">La famille de Jason \u00e9tait aussi issue de la capitale. Ses parents avaient \u00e9migr\u00e9 avant 2048 et la mont\u00e9e du totalitarisme du pays, \u00e0 la capitale pour trouver par obligation du travail en raison de la crise mondiale et nationale des ann\u00e9es 40. Ce fut dans les ann\u00e9es 40 que tout bascula politiquement. &nbsp;&nbsp;&nbsp;&nbsp;&nbsp;&nbsp;&nbsp;&nbsp;&nbsp;&nbsp;&nbsp;&nbsp;&nbsp;&nbsp;&nbsp;&nbsp;&nbsp;&nbsp;&nbsp;&nbsp;&nbsp;&nbsp;&nbsp;&nbsp;&nbsp;&nbsp;&nbsp;&nbsp;&nbsp;&nbsp;&nbsp;&nbsp;&nbsp;&nbsp;&nbsp;&nbsp;&nbsp;&nbsp;&nbsp;&nbsp;&nbsp;&nbsp;&nbsp;&nbsp;&nbsp;&nbsp;&nbsp;&nbsp;&nbsp;&nbsp;&nbsp;&nbsp;&nbsp;&nbsp;&nbsp;&nbsp;&nbsp;&nbsp;&nbsp;&nbsp;&nbsp;&nbsp;&nbsp;&nbsp;&nbsp;&nbsp;&nbsp;&nbsp;&nbsp;&nbsp;&nbsp;&nbsp;&nbsp;&nbsp;&nbsp;&nbsp;&nbsp;&nbsp;&nbsp;&nbsp;&nbsp;&nbsp;&nbsp;&nbsp;&nbsp;&nbsp;&nbsp;&nbsp;&nbsp;&nbsp;&nbsp;&nbsp;&nbsp;&nbsp;&nbsp;&nbsp;&nbsp;&nbsp;&nbsp;&nbsp;&nbsp;&nbsp;&nbsp;&nbsp; &nbsp;&nbsp;&nbsp;&nbsp;&nbsp;&nbsp;&nbsp;&nbsp;&nbsp;<\/span><\/span><\/p>\n<p><span style=\"vertical-align: inherit;\"><span style=\"vertical-align: inherit;\">Une crise \u00e9conomique et sociale sans pr\u00e9c\u00e9dent avait fait surface, provoquant des coups d&rsquo;\u00c9tat et des soul\u00e8vements contre le r\u00e9gime un peu partout dans le monde g\u00e9ographique.<\/span><\/span><\/p>\n<p><span style=\"vertical-align: inherit;\"><span style=\"vertical-align: inherit;\">La dictature avait divis\u00e9 l&rsquo;ordre mondial en discorde et n&rsquo;avait \u00e9t\u00e9 qu&rsquo;une solution efficace pour contenir et r\u00e9tablir l&rsquo;ordre.<\/span><\/span><\/p>\n<p><span style=\"vertical-align: inherit;\"><span style=\"vertical-align: inherit;\">Malgr\u00e9 tout, ses parents habitaient pr\u00e8s de la capitale, et avaient chass\u00e9 Jason du haut de ses 24 ans car il refusait de travailler et n&rsquo;appr\u00e9ciait pas le syst\u00e8me de la capitale et du Nord-Est. Pour lui, perdre son temps \u00e9tait un moyen de le gagner.<\/span><\/span><\/p>\n<p><span style=\"vertical-align: inherit;\"><span style=\"vertical-align: inherit;\">Son r\u00eave, si na\u00eff soit-il, \u00e9tait d&rsquo;aller vivre au bord de la mer dans l&rsquo;Ouest, dans une structure et r\u00e9publique anarchique o\u00f9, d&rsquo;apr\u00e8s ce que l&rsquo;on murmurait, les gens parvenaient en autosuffisance loin de la dictature.&nbsp;&nbsp;&nbsp;&nbsp;&nbsp;&nbsp;&nbsp;&nbsp;&nbsp;&nbsp;&nbsp;&nbsp;&nbsp;&nbsp;&nbsp;&nbsp;&nbsp;&nbsp;&nbsp;&nbsp;&nbsp;&nbsp;&nbsp;&nbsp;&nbsp;&nbsp;&nbsp;&nbsp;&nbsp;&nbsp;&nbsp;&nbsp;&nbsp;&nbsp;&nbsp;&nbsp;&nbsp;&nbsp;&nbsp;&nbsp;&nbsp;&nbsp;&nbsp;&nbsp;&nbsp;&nbsp;&nbsp;&nbsp;&nbsp;&nbsp;&nbsp;&nbsp;&nbsp;&nbsp;&nbsp;&nbsp;&nbsp;&nbsp;&nbsp;&nbsp;&nbsp;&nbsp;&nbsp;&nbsp;&nbsp;&nbsp;&nbsp;&nbsp;&nbsp;&nbsp;&nbsp;&nbsp;&nbsp;&nbsp;&nbsp;&nbsp;&nbsp;&nbsp;&nbsp;&nbsp;&nbsp;&nbsp;&nbsp;&nbsp;&nbsp;&nbsp;&nbsp;&nbsp;&nbsp;&nbsp;&nbsp;&nbsp;<\/span><\/span><\/p>\n<p><span style=\"vertical-align: inherit;\"><span style=\"vertical-align: inherit;\">Mais le r\u00e9gime avait coup\u00e9 tout contact avec l&rsquo;Ouest. Jason soup\u00e7onnait d&rsquo;\u00eatre suspect\u00e9, surveill\u00e9 et d&rsquo;\u00e9nonc\u00e9 par sa famille. Il vivait dans l&rsquo;angoisse, la peur, la parano\u00efa et souffrait de sa situation plus que tout.<\/span><\/span><\/p>\n<p><span style=\"vertical-align: inherit;\"><span style=\"vertical-align: inherit;\">&nbsp;<\/span><\/span><\/p>\n<p><span style=\"vertical-align: inherit;\"><span style=\"vertical-align: inherit;\">La pluie commen\u00e7ait \u00e0 disparaitre. L&rsquo;homme avait \u00e9galement disparu myst\u00e9rieusement et Jason ne le vit pas partir.<\/span><\/span><\/p>\n<p><span style=\"vertical-align: inherit;\"><span style=\"vertical-align: inherit;\">Jason a d\u00e9cid\u00e9 de reprendre son chemin en marchant instantan\u00e9ment. Il a commenc\u00e9 \u00e0 se faire tard. Il marche pendant quinze minutes et arrive \u00e0 la gare.<\/span><\/span><\/p>\n<p><span style=\"vertical-align: inherit;\"><span style=\"vertical-align: inherit;\">A cette heure-l\u00e0, il y avait peu de monde, en raison du couvre-feu ; c&rsquo;\u00e9taient les derniers trains qui circulaient. Il vit passer devant lui un robot patrouilleur, aussi appel\u00e9 robot \u00ab tueur \u00bb car il pourrait \u00eatre dangereux et mena\u00e7ant si notre comportement devenait suspect.<\/span><\/span><\/p>\n<p><span style=\"vertical-align: inherit;\"><span style=\"vertical-align: inherit;\">Ces robots avaient \u00e9t\u00e9 con\u00e7us par le r\u00e9gime pour \u00e9conomiser les forces de police, renforcer son arsenal, et augmenter la s\u00e9curit\u00e9. Depuis que les robots existaient, la criminalit\u00e9 avait diminu\u00e9, mais la terreur dans la population s&rsquo;\u00e9tait intensifi\u00e9e. On ne pouvait plus vivre normalement.<\/span><\/span><\/p>\n<p><span style=\"vertical-align: inherit;\"><span style=\"vertical-align: inherit;\">&nbsp;<\/span><\/span><\/p>\n<p><span style=\"vertical-align: inherit;\"><span style=\"vertical-align: inherit;\">Jason a p\u00e9n\u00e9tr\u00e9 dans la gare au Nord-Ouest de la ville.<\/span><\/span><\/p>\n<p><span style=\"vertical-align: inherit;\"><span style=\"vertical-align: inherit;\">Il \u00e9tait affich\u00e9 sur le tableau que le train arriverait d&rsquo;ici cinq minutes. Jason venait d&rsquo;arriver \u00e0 temps. Le train \u00e9tait un TER, un vieux train des ann\u00e9es 10.<\/span><\/span><\/p>\n<p><span style=\"vertical-align: inherit;\"><span style=\"vertical-align: inherit;\">Le r\u00e9gime avait gard\u00e9 ces trains pour ne pas user leurs finances au minist\u00e8re de la pauvret\u00e9.<\/span><\/span><\/p>\n<p><span style=\"vertical-align: inherit;\"><span style=\"vertical-align: inherit;\">Une fois que le TER entre en gare, Jason prend place \u00e0 bord, enfin satisfait d&rsquo;y \u00eatre.<\/span><\/span><\/p>\n<p><span style=\"vertical-align: inherit;\"><span style=\"vertical-align: inherit;\">Le robot patrouilleur mena\u00e7ant repassa derri\u00e8re lui et parla en direction du train d&rsquo;un ton froid et grin\u00e7ant : \u00ab Rentrez chez vous, il se fait tard ! \u00bb&nbsp;<\/span><\/span><\/p>\n<p><span style=\"vertical-align: inherit;\"><span style=\"vertical-align: inherit;\">C&rsquo;\u00e9tait une imposante machine d&rsquo;1 m\u00e8tre 60 de hauteur, qui marchait rythm\u00e9 comme un soldat sur deux pattes, enti\u00e8rement faite en acier m\u00e9tallique avec un buste, des bras et une t\u00eate de couleur grise. Ils portaient chacun des noms de code uniques.<\/span><\/span><\/p>\n<p><span style=\"vertical-align: inherit;\"><span style=\"vertical-align: inherit;\">Ils \u00e9taient \u00e9quip\u00e9s de microprocesseurs qui leur permettaient d&rsquo;analyser chaque individu dans sa globalit\u00e9.&nbsp;<\/span><\/span><\/p>\n<p><span style=\"vertical-align: inherit;\"><span style=\"vertical-align: inherit;\">Les individus de ce r\u00e9gime \u00e9taient reconnaissables car on leur avait inject\u00e9 \u00e0 leur naissance une puce \u00e9lectronique informatis\u00e9e dans leurs syst\u00e8mes sanguins. Ces implants permettaient au gouvernement de garder la tra\u00e7abilit\u00e9 et le contr\u00f4le total de chaque citoyen r\u00e9pertori\u00e9 dans le syst\u00e8me de surveillance g\u00e9n\u00e9ralis\u00e9 du r\u00e9gime et gr\u00e2ce aux comp\u00e9tences de l&rsquo;intelligence artificielle \u00ab Rebecca \u00bb, celle qui \u00e9tait en charge d&rsquo;\u00e9liminer internet.<\/span><\/span><\/p>\n<p><span style=\"vertical-align: inherit;\"><span style=\"vertical-align: inherit;\">Le train, avec son bruit grin\u00e7ant, partit et Jason attendit le prochain arr\u00eat pour descendre, c&rsquo;\u00e9tait l&rsquo;arr\u00eat \u00ab Ab\u00eeme-district \u00bb.<\/span><\/span><\/p>\n<p>Il habitait un petit studio d\u2019une vingtaine de m\u00e8tres carr\u00e9s \u00e0 \u00ab Ab\u00eeme-district \u00bb, dans une r\u00e9sidence calme et recul\u00e9e du centre-ville. Il avait choisi ce logement social pour son prix simple et correcte, mais ces derniers temps, l\u2019immobilier ne cessait de grimper et Jason s\u2019inqui\u00e9tait.<\/p>\n<p>Il longea les rues de la petite ville endormie en silence car il \u00e9tait 23 h 30 et arriva au pied de son immeuble.&nbsp;<\/p>\n<p>&nbsp;Il ouvrit la porte du hall. Il y avait toujours cette odeurs d\u2019\u0153ufs pourris \u00e0 l\u2019entr\u00e9e qui le d\u00e9rangeait. Il habitait au quatri\u00e8me \u00e9tages et il n\u2019y avait pas d\u2019ascenseur car cela \u00e9tait trop on\u00e9reux.<\/p>\n<p>C\u2019\u00e9tait un immeuble de style moderne construit dans les ann\u00e9es 2060 mais qui commen\u00e7ait \u00e0 se d\u00e9labrer.<\/p>\n<p>Arriv\u00e9 \u00e0 sa porte, il prit le courrier sur le plancher, l\u2019ouvrit et p\u00e9n\u00e9tra dans la pi\u00e8ce. Il alluma la lumi\u00e8re. Sa chambre \u00e9tait en d\u00e9sordre&nbsp;; il avait oubli\u00e9 de la ranger la veille. Son studio \u00e9tait constitu\u00e9 d\u2019un lit, d\u2019une table, d\u2019une armoire, d\u2019une \u00e9tag\u00e8re pour ses couverts et d\u2019un coffre pour y poser ses v\u00eatements.<\/p>\n<p>Une petite salle de bain \u00e9tait plac\u00e9e au fond. Il y avait une fen\u00eatre qui donnait sur la cour de l\u2019immeuble. Jason s\u2019allongea sur son lit et s\u2019endormit directement sans manger tellement il \u00e9tait \u00e9puis\u00e9.<\/p>\n<p><\/p>\n<p>A son r\u00e9veil, Jason fut \u00e9bloui par le soleil. Il prit la pilule du bonheur comme tous les matins en se levant. Nous \u00e9tions dimanche, une journ\u00e9e libre pour lui.<\/p>\n<p>La pilule du bonheur \u00e9tait un m\u00e9dicament prescrit \u00e0 chaque citoyen pour anesth\u00e9sier la tristesse, la m\u00e9lancolie, la souffrance morale et renforcer son syst\u00e8me immunitaire. Le traitement \u00e9tait obligatoire et on ne pouvait l\u2019arr\u00eater sous peine de subir une d\u00e9pression s\u00e9v\u00e8re avec un trouble aigu de bipolarit\u00e9. De plus, le syst\u00e8me immunitaire \u00e9tait alt\u00e9r\u00e9 par ce proc\u00e9d\u00e9 chimique, ce qui rendait le corps d\u00e9pendant. Selon les m\u00e9decins du r\u00e9gime, cette pilule pouvait rendre la vie plus belle.<\/p>\n<p>Jason ouvrit son frigo. Il n\u2019y avait rien. Il prit un caf\u00e9 avec une tranche de pain. Il ne lui restait plus grand-chose pour se rassasier. Il trouva le reste d\u2019une pomme qu\u2019il mangea assaisonn\u00e9 au pain.<\/p>\n<p>Il lui fallait refaire des provisions mais l\u2019entrep\u00f4t o\u00f9 il prenait ses rations n\u2019\u00e9tait ouvert que le lendemain apr\u00e8s son travail. Jason devait patienter et prendre ses pr\u00e9cautions alimentaires d\u2019ici l\u00e0.<\/p>\n<p>Il prit une douche ti\u00e8de et enfila un t-shirt bleu en coton avec un pantalon brun. Il mit ses chaussures us\u00e9es en cuir. Le temps dehors \u00e9tait gris\u00e2tre mais il ne pleuvait plus comme hier soir. Il faisait humide et la cour de l\u2019immeuble \u00e9tait boueuse car il avait plu toute la nuit. Jason la traversa avec d\u00e9go\u00fbt devant l\u2019\u0153il des cam\u00e9ras de surveillance.<\/p>\n<p>En raison d\u2019un manque de moyens dans la tr\u00e9sorerie, la collectivit\u00e9 n\u2019entretenait pas assez l\u2019immeuble, ce qui le rendait crasseux et obscur. Il y avait un grand nombre de cam\u00e9ras de surveillance install\u00e9es partout pour surveiller l\u2019ordre social.<\/p>\n<p><\/p>\n<p>Jason se dirigea vers la for\u00eat. Il \u00e9tait 11 h et certains individus en profitaient pour se promener en ce jour radieux de novembre. Un \u00e9clat de soleil apparut dans le ciel et Jason sourit de voir le beau temps r\u00e9apparaitre, malgr\u00e9 l\u2019humidit\u00e9 de l\u2019automne. Il mit 30 minutes pour se rapprocher de la for\u00eat \u00e0 partir de la ville. &nbsp;&nbsp;&nbsp;&nbsp;&nbsp;&nbsp;&nbsp;&nbsp;&nbsp;&nbsp;&nbsp;&nbsp;&nbsp;&nbsp;&nbsp;&nbsp;&nbsp;&nbsp;&nbsp;&nbsp;&nbsp;&nbsp;&nbsp;&nbsp;&nbsp;&nbsp;&nbsp;&nbsp;&nbsp;&nbsp;&nbsp;&nbsp;&nbsp;&nbsp;&nbsp;&nbsp;&nbsp;&nbsp;&nbsp;&nbsp;&nbsp;&nbsp;&nbsp;&nbsp;&nbsp;&nbsp;&nbsp;&nbsp;&nbsp;&nbsp;&nbsp;<\/p>\n<p>Il avait pris son carnet de dessin dans une petite sacoche au cas o\u00f9 il trouverait l\u2019inspiration dans la verdure des clairi\u00e8res du parc forestier.<\/p>\n<p>En raison de l\u2019\u00e9volution du climat, depuis environ 2030, la for\u00eat et sa v\u00e9g\u00e9tation avaient \u00e9volu\u00e9. On y trouvait des esp\u00e8ces d\u2019arbres, de plantes et d\u2019insectes nouvelles qui s\u2019\u00e9taient d\u00e9velopp\u00e9es en raison des saisons plus humides du r\u00e9chauffement climatique.<\/p>\n<p>Jason connaissait bien la for\u00eat. Il \u00e9tait devenu m\u00eame une sorte de guide. La for\u00eat \u00e9tait encore un des rares endroits o\u00f9 il n\u2019y avait pas de cam\u00e9ras, \u00e9chappant ainsi \u00e0 la surveillance.<\/p>\n<p><\/p>\n<p>Il p\u00e9n\u00e9tra dans l\u2019ample for\u00eat en solitaire.<\/p>\n<p>Des arbres gigantesques bordaient les chemins des alentours.<\/p>\n<p>Des plantes merveilleuses avec plusieurs tiges illuminaient les gouttes d\u2019eau de l\u2019humidit\u00e9. Le chant des oiseaux se m\u00ealait aux bruits du vent qui soufflait face \u00e0 l\u2019\u00e9corce des arbres. Plusieurs chemins de terre rocailleux disparaissaient dans les clairi\u00e8res. Il prit le chemin le plus pr\u00e9sentable et suivit la trace de sa direction.<\/p>\n<p>Jason aimait se perdre dans les bois et contempler les diff\u00e9rentes esp\u00e8ces qui r\u00e9gnaient sur la for\u00eat avec leurs charmes. Il vit un \u00e9cureuil qui se balan\u00e7ait d\u2019arbre en arbre.&nbsp; Brusquement, son regard tomba sur un grand \u00ab \u00e9mif\u00e8re \u00bb, un arbre de 5 m\u00e8tres de haut.<\/p>\n<p>Il entendit un bruit venant du haut de cette arbre. Il \u00e9tait \u00e9tonnant que cet arbre ait germ\u00e9 en plein milieu du chemin. Jason ne se rappelait pas de celui-l\u00e0, lui-m\u00eame qui connaissait si bien le bois. &nbsp;&nbsp;&nbsp;&nbsp;&nbsp;&nbsp;&nbsp;&nbsp;&nbsp;&nbsp;&nbsp;&nbsp;&nbsp;&nbsp;&nbsp;&nbsp;&nbsp;&nbsp;&nbsp;&nbsp;&nbsp;&nbsp;&nbsp;&nbsp;&nbsp;&nbsp;&nbsp;&nbsp;&nbsp;&nbsp;&nbsp;&nbsp;&nbsp;&nbsp;&nbsp;&nbsp;&nbsp;&nbsp;&nbsp;&nbsp;&nbsp;&nbsp;&nbsp;&nbsp;&nbsp;&nbsp;&nbsp;&nbsp;&nbsp;&nbsp;&nbsp;&nbsp;&nbsp;&nbsp;&nbsp;&nbsp;&nbsp;&nbsp;&nbsp;&nbsp;&nbsp;&nbsp;&nbsp;&nbsp;&nbsp;&nbsp;&nbsp;&nbsp;&nbsp;&nbsp;&nbsp;&nbsp;&nbsp;&nbsp;&nbsp;&nbsp;&nbsp;&nbsp;&nbsp;&nbsp;&nbsp;&nbsp;&nbsp;&nbsp;&nbsp;&nbsp;&nbsp;&nbsp;&nbsp;&nbsp;&nbsp;&nbsp;&nbsp;&nbsp;&nbsp;&nbsp;&nbsp;&nbsp;&nbsp;&nbsp;&nbsp;&nbsp;&nbsp;&nbsp;&nbsp;&nbsp;&nbsp;&nbsp;&nbsp;&nbsp;&nbsp;&nbsp;&nbsp;&nbsp;&nbsp;&nbsp;&nbsp;&nbsp;&nbsp;&nbsp;&nbsp;&nbsp;&nbsp;&nbsp;&nbsp;&nbsp;&nbsp;&nbsp;&nbsp;&nbsp;&nbsp;&nbsp; &nbsp;&nbsp;&nbsp;&nbsp;&nbsp;&nbsp;&nbsp;&nbsp;&nbsp;<\/p>\n<p>Il s\u2019avan\u00e7a et aper\u00e7ut quelque chose de raide accroch\u00e9 \u00e0 l\u2019arbre. Il examina plus pr\u00e9cis\u00e9ment la chose&nbsp;: c\u2019\u00e9tait une sorte d\u2019\u00e9chelle neuve qui permettait d\u2019acc\u00e9der \u00e0 la hauteur d\u2019o\u00f9 provenait le bruit. Il v\u00e9rifia que personne ne se trouvait dans les environs par m\u00e9fiance et d\u00e9cida de grimper sur l\u2019\u00e9chelle pour se rapprocher du son myst\u00e9rieux. Il monta avec courage et d\u00e9termination.<\/p>\n<p>Le son \u00e9tait une sorte de musique \u00e9lectronique, comme un \u00e9metteur radio qui balan\u00e7ait des m\u00e9lodies atmosph\u00e9riques, tels un langage qui sortait d\u2019un volume noir de dizaines de centim\u00e8tres brouill\u00e9s.<\/p>\n<p>\u00ab&nbsp;Basa&nbsp;! Onig\u00e9lou&nbsp;! Batsaroa\u2026 Batsaroa. Flacolme\u2026 Iromi\u2026D\u00e9rotsse, parlou, forna\u2026 Nanionne\u2026 Ergonne. Mayon, castmaia.&nbsp;\u00bb<\/p>\n<p>Il y avait un bouton. Il appuya dessus et le son disparut. Il s\u2019empara de la boite qui \u00e9tait pos\u00e9e \u00e0 travers les feuilles entre les branches, dans le tronc de l\u2019arbre. Il la glissa dans sa sacoche, descendit de l\u2019arbre et continua son chemin quelques m\u00e8tres plus loin.&nbsp;&nbsp;&nbsp;&nbsp;&nbsp;&nbsp;&nbsp;&nbsp;&nbsp;&nbsp;&nbsp;&nbsp;&nbsp;&nbsp;&nbsp;&nbsp;&nbsp;&nbsp;&nbsp;&nbsp;&nbsp;&nbsp;&nbsp;&nbsp;&nbsp;&nbsp;&nbsp;&nbsp;&nbsp;&nbsp;&nbsp;&nbsp;&nbsp;&nbsp;&nbsp;&nbsp;&nbsp;&nbsp;&nbsp;&nbsp;&nbsp;&nbsp;&nbsp;&nbsp;&nbsp;&nbsp;&nbsp;&nbsp;&nbsp;&nbsp;&nbsp;&nbsp;&nbsp;<\/p>\n<p>Il fit une halte et se retourna derri\u00e8re lui. L\u2019arbre avait disparu.&nbsp;<\/p>\n<p>Par stupeur, il n\u2019y avait plus d\u2019arbre. Il avait disparu mais Jason se souvenait bien l\u2019avoir vu, cet \u00e9mif\u00e8re avec l\u2019\u00e9chelle en m\u00e9tal.<\/p>\n<p>Avait-il vraiment vu cette chose r\u00e9ellement ?&nbsp; &nbsp; &nbsp; &nbsp; &nbsp; &nbsp; &nbsp; &nbsp; &nbsp; &nbsp; &nbsp; &nbsp; &nbsp; &nbsp; &nbsp; &nbsp; &nbsp;<\/p>\n<p>Ce pass\u00e9 proche avait-il exist\u00e9 et eu lieu ? Jason tenait bien un objet mat\u00e9riel et il se souvenait bien l\u2019avoir trouv\u00e9 dans cet arbre, un arbre haut dans lequel il avait grimp\u00e9 pour d\u00e9couvrir cet objet. Il tremblait.<\/p>\n<p>Il v\u00e9rifia le chemin en reculant, en observant avec pr\u00e9cision le sol. Il n\u2019y avait aucune trace, il n\u2019y avait rien, comme sur le chemin de cette terre blanche au loin qui commen\u00e7ait par l\u00e0 o\u00f9 \u00e9tait arriv\u00e9 Jason.<\/p>\n<p>La v\u00e9rit\u00e9 de la perception \u00e9tait-elle r\u00e9elle ? Pouvait-on croire en un d\u00e9lire ? Les sources du questionnement accompagnaient-elles le triomphe de l\u2019irrationnel ?&nbsp;&nbsp;&nbsp;&nbsp;&nbsp;&nbsp;&nbsp;&nbsp;&nbsp;&nbsp;&nbsp;&nbsp;&nbsp;&nbsp;&nbsp;&nbsp;&nbsp;&nbsp;&nbsp;&nbsp;&nbsp;&nbsp;&nbsp;&nbsp;&nbsp;&nbsp;&nbsp;&nbsp;&nbsp;&nbsp;&nbsp;&nbsp;&nbsp;&nbsp;&nbsp;&nbsp;&nbsp;&nbsp;&nbsp;&nbsp;&nbsp;&nbsp;&nbsp;&nbsp;&nbsp;&nbsp;&nbsp;&nbsp;&nbsp;&nbsp;&nbsp;<\/p>\n<p>Il continua \u00e0 marcher car il ne comprenait pas son r\u00e9cit. Il n\u2019avait pas de r\u00e9ponse et son esprit ne r\u00e9sonnait pas normalement.&nbsp; &nbsp; &nbsp; &nbsp; &nbsp; &nbsp; &nbsp; &nbsp; &nbsp; &nbsp; &nbsp; &nbsp; &nbsp; &nbsp; &nbsp; &nbsp;<\/p>\n<p>Les arbres autour de lui le questionnaient ; la nature vivace d\u00e9crivait des r\u00e9alit\u00e9s sensorielles diverses. Sa marche devenait difficile : il \u00e9tait troubl\u00e9.<\/p>\n<p><\/p>\n<p>Un banc se trouvait \u00e0 l\u2019extr\u00e9mit\u00e9 de la bordure du chemin. Il s\u2019assit. Il n\u2019y avait personne dans les environs. Il crut voir le banc bouger de quelques centim\u00e8tres. La peur s\u2019empara de lui. Les id\u00e9es angoissantes du promeneur se faisaient sentir. Les arbres ne parlaient pas. Il \u00e9tait seul.&nbsp;<\/p>\n<p>Les insectes \u00ab amaudiens \u00bb qui \u00e9taient coll\u00e9s aux arbres se nourrissaient de leurs \u00e9corces.<\/p>\n<p><\/p>\n<p>La plupart des esp\u00e8ces d\u2019arbres \u00e9taient rong\u00e9es par ce type d\u2019insecte \u00e0 la peau verte. Il n\u2019y avait pas d\u2019insectes sur le banc. Les amaudiens pouvaient piquer si on les d\u00e9rangeait. Jason se prot\u00e9geait et ne les touchait pas. Il se contentait de les observer de loin. Le son de la bo\u00eete vint r\u00e9veiller son regard : c\u2019\u00e9tait cette fois-ci une voix qui disait :&nbsp;<\/p>\n<p>\u00ab Bonjour Monsieur, vous avez en votre possession un objet qui ne vous appartient pas. Nous vous prions de le reposer imm\u00e9diatement. Cet objet doit rester secret et ne point \u00eatre r\u00e9v\u00e9l\u00e9 au monde. Le refrain que vous avez entendu est un code secret appartenant au gouvernement. S\u2019il vous arrivait d\u2019en t\u00e9moigner, vous seriez condamn\u00e9 et banni de la soci\u00e9t\u00e9. Ce que vous vivez actuellement n\u2019existe pas et n\u2019a jamais exist\u00e9. Nous souhaiterions avoir plus de pr\u00e9cisions sur votre nom, pr\u00e9nom, \u00e2ge et votre adresse. Vous risquez de gros ennuis si vous ne collaborez pas, Monsieur. \u00bb<\/p>\n<p>Jason fut pris de stupeur. Il resta assis sur le banc et ne r\u00e9pondit pas. Que fallait-il faire&nbsp;? Le son de la bo\u00eete l\u2019interrompit dans son questionnement.<\/p>\n<p>\u00ab&nbsp;Monsieur, avez-vous entendu&nbsp;? Monsieur&nbsp;?!&nbsp;\u00bb insista la voix puis elle disparut dans le silence.<\/p>\n<p>Il d\u00e9cida de la garder ne prenant pas au s\u00e9rieux les paroles de la bo\u00eete noire.<\/p>\n<p><\/p>\n<p>Le temps n\u2019\u00e9tait pas infini, et cette situation commen\u00e7ait \u00e0 faire vaciller l\u2019esprit de Jason.<\/p>\n<p>Il s\u2019\u00e9vadait au rythme cyclique du temps. Ses pens\u00e9es divaguaient \u00e0 l\u2019int\u00e9rieur de sa t\u00eate. Il ne pouvait plus croire en la v\u00e9rit\u00e9 du moment. Le pass\u00e9 et le pr\u00e9sent devenaient sans limite. Les fronti\u00e8res de la r\u00e9alit\u00e9 et de la sienne devenaient fragiles.&nbsp; &nbsp; &nbsp; &nbsp; &nbsp; &nbsp;<\/p>\n<p>Il y avait un questionnement sur le familier et la raison des actes commis. De quel ordre pouvait-il croire en ce qui venait de se passer ? Quel secret y avait-il \u00e0 cacher \u00e0 travers la bande sonore de cette bo\u00eete ? La frayeur \u00e9tait-elle envisageable ? Fallait-il s\u2019en d\u00e9tacher ? L\u2019action \u00e9tait-elle vraie et qu\u2019allait-il se passer ? Fallait-il avancer lentement ou rapidement ?<\/p>\n<p><\/p>\n<p>Dans tous les cas, Jason n\u2019\u00e9prouvait aucune sensation de vouloir fuir. Il continuait \u00e0 errer lentement dans le bois, et il ne faisait plus attention \u00e0 ce qui venait de se produire.<\/p>\n<p>Il essayait malgr\u00e9 tout de rester optimiste et de l\u00e2cher prise sur ses id\u00e9es de d\u00e9couverte et de questionnements. La nature du bois l\u2019avait charm\u00e9.&nbsp;<\/p>\n<p><\/p>\n<p>Il repensait au temps jadis lorsqu\u2019il \u00e9prouva ses premiers \u00e9mois amoureux envers une jeune fille qui s\u2019appelait Sandrine. C\u2019\u00e9tait dans cette for\u00eat qu\u2019ils avaient pass\u00e9 du temps ensemble \u00e0 flirter et il s\u2019en souvenait nostalgiquement comme si c\u2019\u00e9tait hier.<\/p>\n<p>Ils ne pouvaient pr\u00e9tendre que cela fut r\u00e9ciproque, mais il gardait de cette belle exp\u00e9rience une certaine ranc\u0153ur et am\u00e8re m\u00e9lancolie qui provoquaient de la d\u00e9prime.<\/p>\n<p>Continuant sa ballade, il vit devant lui une jeune fille qui avan\u00e7ait en sa direction. Il fut curieusement attir\u00e9 par sa ressemblance avec Sandrine. Il essaya d\u2019observer cette personne mais sa vision devenait \u00e9tonnamment de plus en plus floue et obscure.<\/p>\n<p>Autour de lui, le silence se fit sentir et il ne percevait plus le bruit du vent et de la for\u00eat.<\/p>\n<p>Il p\u00e9n\u00e9trait une sorte de tunnel insonore et brouillardeux. Cela troublait \u00e9trangement sa vision de la for\u00eat. Il vit soudain des ombres qui l\u2019engloutissaient de l\u2019ext\u00e9rieur, dans un cercle. Bient\u00f4t, ce cercle fut assez grand pour percevoir une forme rectangulaire au bout et le long des arbres.&nbsp;<\/p>\n<p>Jason hallucinait et doutait de sa propre personne. Le p\u00e9rim\u00e8tre du cercle prenait fin \u00e0 l\u2019embouchure d\u2019une porte. Cette porte, Jason l\u2019ouvrit et une grande lumi\u00e8re l\u2019\u00e9claira ainsi que le chemin du bois se trouvant derri\u00e8re lui.<\/p>\n<p>Soudain, il n\u2019eut pas le temps d\u2019interpr\u00e9ter ce qu\u2019il se produisait. La porte se referma et disparut, et les rayons de lumi\u00e8re s\u2019\u00e9teignirent.<\/p>\n<p><\/p>\n<p>Se trouvant debout au milieu du chemin, il perdit connaissance quelques instants.<\/p>\n<p>En reprenant conscience, il avait oubli\u00e9 ce qui venait de se passer.<\/p>\n<p>Il rebroussa chemin. Il \u00e9tait 16 h et il d\u00e9cida de rentrer chez lui dans son appartement.<\/p>\n<p>Il quitta le parc de la for\u00eat et rentra dans la ville.<\/p>\n<p><\/p>\n<p>En rentrant chez lui, Jason prit conscience qu\u2019il ne se sentait pas bien. Il marchait dans la rue urbaine et sentait son c\u0153ur fr\u00e9mir. Une migraine fi\u00e9vreuse et des naus\u00e9es lui tordaient l\u2019estomac et lui remontaient \u00e0 la t\u00eate. Il tremblait et avait du mal \u00e0 marcher.<\/p>\n<p>Il s\u2019arr\u00eata cinq minutes dans une ruelle, \u00e0 1 km environ de chez lui, pour se reposer et prendre le temps de souffler.<\/p>\n<p>Un individu qui le vit accroupi contre un mur alla \u00e0 sa rencontre. Cette personne comprit qu\u2019il allait mal.<\/p>\n<p>&#8211; \u00ab Que se passe-t-il, monsieur&nbsp;?<\/p>\n<p>Avez-vous besoin d\u2019aide&nbsp;? Voulez-vous que j\u2019appelle des secours&nbsp;?&nbsp;\u00bb<\/p>\n<p>Il fut \u00e9tonn\u00e9 et surpris de cette gentillesse et de cette r\u00e9action bienveillante \u00e0 son \u00e9gard. C\u2019\u00e9tait une sorte de lumi\u00e8re dans un brouillard d\u2019indiff\u00e9rence humaine qui l\u2019\u00e9blouissait d\u2019un sourire sinc\u00e8re.<\/p>\n<p>Cet individu s\u2019approcha de lui. C\u2019\u00e9tait une femme d\u2019une quarantaine d\u2019ann\u00e9e, maigre et aux cheveux ch\u00e2tains.<\/p>\n<p>Malgr\u00e9 tout, Jason ne pouvait que rester m\u00e9fiant par rapport \u00e0 cet individu \u00e9nigmatique.<\/p>\n<p>Que pouvait-il bien y faire&nbsp;? Cette personne \u00e9tait-elle sinc\u00e8re&nbsp;? N\u2019\u00e9tait-elle pas l\u00e0 pour lui tendre un pi\u00e8ge&nbsp;? \u00c9tait-elle fourbe ?<\/p>\n<p>Jason \u00e9tait faible et voyait un peu flou d\u00e9sormais. Il s\u2019agrippa \u00e0 un mur et r\u00e9pondit&nbsp;: \u00ab&nbsp;Merci Madame, pouvez-vous m\u2019aider \u00e0 me relever, s\u2019il vous plait&nbsp;?&nbsp;\u00bb<\/p>\n<p>Cette personne lui tendit la main pour l\u2019aider \u00e0 se relever.<\/p>\n<p>&#8211; \u00ab&nbsp;De quoi souffrez-vous&nbsp;?&nbsp;\u00bb, lui demanda-t-elle.<\/p>\n<p>&#8211; \u00ab Eh bien, j\u2019ai des naus\u00e9es et un mal de t\u00eate. Je viens de voir flou.&nbsp;\u00bb<\/p>\n<p>Cette dame semblait finalement d\u2019une cinquantaine d\u2019ann\u00e9es et avait des rides sur son visage p\u00e2le.<\/p>\n<p>Tout \u00e0 coup, elle se figea sur place en l\u2019observant et en l\u2019examinant de mani\u00e8re ind\u00e9cise.<\/p>\n<p>&#8211; \u00ab&nbsp;Attendez, restez l\u00e0, Monsieur. Je pars chercher de l\u2019aide et des secours aupr\u00e8s de gens plus comp\u00e9tents.&nbsp;Restez l\u00e0, je reviens dans peu de temps.&nbsp;\u00bb<\/p>\n<p>A ces mots, et en entendant le ton de sa voix rassurante, Jason prit confiance en cette personne.<\/p>\n<p>Elle s\u2019en alla, le laissant seul contre le mur.<\/p>\n<p>Jason attendit quelques minutes, puis plus longtemps. Son \u00e9tat et sa souffrance se stabilisaient, mais il voyait toujours l\u00e9g\u00e8rement flou.<\/p>\n<p>Soudain, il crut apercevoir au bout de la rue un groupe d\u2019hommes habill\u00e9s en gris qui marchaient en sa direction.&nbsp; &nbsp; &nbsp; &nbsp; &nbsp; &nbsp; &nbsp; &nbsp; &nbsp; &nbsp; &nbsp; &nbsp; &nbsp; &nbsp; &nbsp; C\u2019\u00e9taient des miliciens&nbsp;; ils \u00e9taient quatre et avan\u00e7aient au garde-\u00e0-vous. Derri\u00e8re eux se trouvait la dame qui lui avait parl\u00e9.<\/p>\n<p><\/p>\n<p>\u00ab&nbsp;D\u00e9nonc\u00e9&nbsp;\u00bb, Jason avait \u00e9t\u00e9 d\u00e9nonc\u00e9 par cette personne qu\u2019il croyait bienveillante et en qui il avait admis avoir confiance. Il s\u2019\u00e9tait donc tromp\u00e9. Ils \u00e9taient \u00e0 200 m\u00e8tres. Un sentiment de terreur s\u2019empara de lui, intens\u00e9ment. Il trembla \u00e0 l\u2019id\u00e9e de se faire attraper, rep\u00e9rer, et pers\u00e9cuter par cette milice gouvernementale.<\/p>\n<p><\/p>\n<p>Il courut maladroitement le long des rues durant trente minutes et trouva une cachette dans une ruelle \u00e9troite. Il avait r\u00e9ussi \u00e0 semer la milice qui venait le chercher.<\/p>\n<p>Des \u00ab&nbsp;robots tueurs&nbsp;\u00bb \u00e9taient aussi \u00e0 sa poursuite et l\u2019avait rep\u00e9r\u00e9 gr\u00e2ce \u00e0 leurs micro-processeurs enregistrant la puce \u00e9lectronique de Jason.<\/p>\n<p>Il \u00e9tait donc n\u00e9cessaire que Jason trouve un moyen d\u2019\u00e9chapper \u00e0 cette traque s\u2019il d\u00e9sirait survivre, ne pas souffrir et comprendre le secret de cette interpellation \u00e9nigmatique.<\/p>\n<p>Se trouvant dans l\u2019exigu\u00eb ruelle de la ville, il poursuivit son cheminement pour se sauver.&nbsp; &nbsp; &nbsp; &nbsp; &nbsp; &nbsp; &nbsp; &nbsp; &nbsp; &nbsp; &nbsp; &nbsp; &nbsp; &nbsp; &nbsp; &nbsp; &nbsp; &nbsp; &nbsp; &nbsp; &nbsp; &nbsp; &nbsp; &nbsp; &nbsp; &nbsp; &nbsp; &nbsp; &nbsp; &nbsp; &nbsp; &nbsp; &nbsp; &nbsp; &nbsp; &nbsp; &nbsp; &nbsp;Au bout de la ruelle, il trouva un panneau fait \u00e0 la main. Dessus \u00e9tait dessin\u00e9 un symbole hippie d\u2019amour.<\/p>\n<p>Jason prit le temps de r\u00e9fl\u00e9chir, s\u2019interrogeant sur le rapport calme entre citoyens, l\u2019absence de violence et de conflit dans cette vie.<\/p>\n<p>Dans un monde sans troubles et violences, un monde plus beau, agr\u00e9able et supportable, il y aurait plus d\u2019ouvertures d\u2019esprits entre les citoyens pouvant s\u2019unifier avec solidarit\u00e9 pour une m\u00eame cause pacifique contre le mal.<\/p>\n<p>Cela pourrait engendrer la fin de ce r\u00e9gime cruel et totalitaire o\u00f9 la plupart des citoyens \u00e9taient complices de cette cruaut\u00e9, comme cette femme qui l\u2019avait d\u00e9nonc\u00e9.<\/p>\n<p>Cette r\u00e9flexion cr\u00e9a chez Jason une multitude de pens\u00e9es arborescentes filant dans son esprit tourment\u00e9.<\/p>\n<p>Les sujets, th\u00e9matiques et id\u00e9es portaient sur la coh\u00e9sion et diff\u00e9rence du bien et du mal.<\/p>\n<p>Le bien et le mal \u00e9tant deux points oppos\u00e9es, le bien devait surpasser le mal cach\u00e9 pour cr\u00e9er une forme de \u00ab&nbsp;duel \u00e9thique&nbsp;\u00bb, de la morale luttant contre la perversion, la cruaut\u00e9 dans toute son obscure splendeur.<\/p>\n<p>Bien que le r\u00e9gime f\u00fbt ancr\u00e9 dans le mal, le bien devait d\u00e9livrer ses victimes de leurs bourreaux par la paix et l\u2019amour, menant la civilisation au commencement d\u2019une r\u00e9volution psychologique.<\/p>\n<p>Le bien serait relatif \u00e0 la beaut\u00e9, une grande beaut\u00e9 au c\u0153ur pur et in\u00e9puisable, qui transcenderait les t\u00e9n\u00e8bres de la dictature.<\/p>\n<p>L\u2019ali\u00e9nation et l\u2019an\u00e9antissement de l\u2019individu, comme l\u2019\u00e9tait Jason, \u00e9taient une forme d\u2019instrumentalisation oppressive d\u2019un r\u00e9gime et donc du mal.<\/p>\n<p>Il fallait briser les cha\u00eenes de cette prison chaotique.<\/p>\n<p>Le mal-\u00eatre existentiel et la peur maintenaient les citoyens dans une triste d\u00e9sillusion de mis\u00e8re et de pauvret\u00e9 censur\u00e9e.<\/p>\n<p><\/p>\n<p>D\u2019autres questions venaient agacer le point crucial de ses pens\u00e9es&nbsp;: Qu\u2019est-ce que l\u2019amour&nbsp;? N\u2019est-ce pas une forme de s\u00e9duction perverse&nbsp;? Y avait-il de la sinc\u00e9rit\u00e9 et de la beaut\u00e9 v\u00e9ritable&nbsp;? Quel sens cela donnait-il \u00e0 la tristesse de l\u2019existence&nbsp;? Quel conclusion pouvait-on en tirer&nbsp;?<\/p>\n<p>La plus grande des le\u00e7ons serait de comprendre l\u2019absurdit\u00e9 de l\u2019amour et sa cruaut\u00e9. Pourquoi aime-t-on&nbsp;? Et pourquoi faut-il souffrir en retour de n\u2019avoir rien et de rester seul dans sa mis\u00e9rable existence humaine de la capitale ?<\/p>\n<p>Il n\u2019y avait pas de r\u00e9ponse.&nbsp; &nbsp; &nbsp; &nbsp; &nbsp; &nbsp; &nbsp; &nbsp; &nbsp; &nbsp; &nbsp; &nbsp; &nbsp; &nbsp; &nbsp; &nbsp; &nbsp; &nbsp; &nbsp; &nbsp; &nbsp; &nbsp; &nbsp; &nbsp; &nbsp; &nbsp; &nbsp; &nbsp; &nbsp; &nbsp; &nbsp; &nbsp; &nbsp; &nbsp; &nbsp; &nbsp; &nbsp; &nbsp; &nbsp; &nbsp; &nbsp; &nbsp; &nbsp; &nbsp; &nbsp; &nbsp; &nbsp; &nbsp; &nbsp; &nbsp; &nbsp; &nbsp; &nbsp; &nbsp; &nbsp; &nbsp; &nbsp; &nbsp; &nbsp; &nbsp; &nbsp; &nbsp; &nbsp; &nbsp; &nbsp; &nbsp; &nbsp; &nbsp; &nbsp; &nbsp; &nbsp; &nbsp; &nbsp; &nbsp; &nbsp; &nbsp; &nbsp; &nbsp; &nbsp; &nbsp; &nbsp; &nbsp; &nbsp; &nbsp; &nbsp; &nbsp; &nbsp; &nbsp; &nbsp; &nbsp; &nbsp; Le souvenir de Sandrine luit r\u00e9v\u00e9lait un s\u00e9v\u00e8re chagrin qui avait bless\u00e9 son c\u0153ur \u00e0 jamais. L\u2019absurde solitude de l\u2019individu en d\u00e9coulait.<\/p>\n<p>Cependant, quelle est la place de l\u2019individu dans ce monde&nbsp;? Comment et pourquoi l\u2019individu existe-t-il&nbsp;? Quel est le sens v\u00e9ritable et le but&nbsp;? Pourquoi la vie \u00e9tait-elle aussi dure&nbsp;?<\/p>\n<p>Il pensait \u00e0 la stigmatisation des individus atypiques et sensibles.&nbsp; &nbsp; &nbsp; &nbsp; &nbsp; &nbsp; &nbsp; &nbsp; &nbsp; &nbsp; &nbsp; &nbsp; &nbsp; &nbsp; &nbsp; &nbsp; &nbsp; &nbsp; &nbsp; &nbsp; &nbsp; &nbsp; &nbsp; &nbsp; &nbsp; &nbsp; &nbsp; &nbsp; &nbsp; &nbsp; &nbsp; &nbsp; &nbsp; &nbsp; &nbsp; &nbsp; &nbsp; &nbsp; &nbsp; &nbsp; &nbsp; &nbsp; &nbsp; &nbsp; &nbsp; &nbsp; &nbsp; &nbsp; &nbsp; &nbsp; &nbsp; &nbsp; &nbsp; &nbsp; &nbsp; &nbsp; &nbsp;Vivant dans une soci\u00e9t\u00e9 artificielle, norm\u00e9e et robotis\u00e9e, il y avait une fermeture \u00e0 la diff\u00e9rence. Il faudrait trouver des solutions pour les individus atypiques et en marge, songeait-il.<\/p>\n<p>Ils subissaient ce que Jason pensait&nbsp;: la pers\u00e9cution&nbsp;; le mal disait que la soci\u00e9t\u00e9 \u00e9tait malade.<\/p><p><br><\/p>\n<p>Il tourna \u00e0 droite du panneau et s\u2019enfon\u00e7a dans une ruelle sinistre et sombre qui d\u00e9bouchait sur un tunnel. Le bruit de la milice \u00e0 ses trousses avait disparu.<\/p>\n<p>Tandis qu\u2019il s\u2019enfon\u00e7ait dans la ruelle, cela lui rappelait l\u2019hallucination \u00e9tonnante du bois.<\/p>\n<p>Il ne pouvait toujours pas comprendre cela.<\/p>\n<p>Ses \u00e9motions r\u00e9v\u00e9laient en lui une v\u00e9ritable peur de la vie, du pass\u00e9, du pr\u00e9sent, et de l\u2019avenir. Il \u00e9tait terroris\u00e9&nbsp;: comment allait-il s\u2019en sortir&nbsp;?<\/p><p><br><\/p>\n<p>Il longea le tunnel dans le noir sur 100 m\u00e8tres environ et d\u00e9boucha sur des escaliers en pente.<\/p>\n<p>En descendant ces escaliers, il ouvrit une porte qui lui fit descendre d\u2019autres escaliers sur 50 m\u00e8tres vers le bois jusqu\u2019\u00e0 reprendre un chemin tout droit.<\/p>\n<p>Il arriva apr\u00e8s 20 m\u00e8tres dans une ruelle o\u00f9 le plafond \u00e9tait d\u00e9gag\u00e9 et donnait sur un ciel gris. Il y avait un pont au-dessus d\u2019une rivi\u00e8re.<\/p>\n<p>Au-del\u00e0 de cette rivi\u00e8re se trouvait un embarquement de bois et de tuile assembl\u00e9s, o\u00f9 r\u00e9sidaient des individus sans-abri.<\/p>\n<p>Un groupe de huit personnes se r\u00e9chauffaient pr\u00e8s d\u2019un feu.<\/p>\n<p>Il alla \u00e0 leur rencontre.<\/p>\n<p>L\u2019un se nommait Tom et demanda \u00e0 Jason ce qu\u2019il faisait l\u00e0.<\/p>\n<p>Jason lui raconta son histoire.<\/p>\n<p>\u00ab&nbsp;Tu es le bienvenu dans notre refuge, nous t\u2019attendions&nbsp;\u00bb, s\u2019exclama Tom.<\/p>\n<p>\u00ab&nbsp;Ici tu pourras te cacher le temps de trouver une solution d\u2019\u00e9vasion.&nbsp;\u00bb<\/p>\n<p>La pauvret\u00e9 de ce lieu ainsi que ses paroles choqu\u00e8rent et surprirent Jason. Ces huit sans-abri vivaient l\u00e0 dans la d\u00e9bauche la plus totale. C\u2019\u00e9tait un squat de sans-abri atteints de probl\u00e8mes psychiques.<\/p>\n<p>La plupart avaient exerc\u00e9 des m\u00e9tiers d\u2019ouvriers avant de se retrouver \u00e0 la rue dans la mis\u00e8re faute de pouvoir exercer en raison de leurs handicaps.<\/p>\n<p>L\u2019argent, la richesse, le mat\u00e9rialisme et la croissance du r\u00e9gime ne les int\u00e9ressaient plus car ils avaient r\u00e9ussi \u00e0 s\u2019en d\u00e9faire en cr\u00e9ant leur confort par la solidarit\u00e9 et le soutien de leurs groupes. Ils avaient fond\u00e9 une micro-commune secr\u00e8te, cach\u00e9e pr\u00e8s de cette rivi\u00e8re.<\/p>\n<p>L\u2019argent et la richesse \u00e9taient remplac\u00e9s par l\u2019amour et l\u2019amiti\u00e9 de leurs groupes. Il y avait l\u00e0 une communaut\u00e9.<\/p>\n<p>Il fallait r\u00e9inventer la vie sans honte dans la mis\u00e8re avec de la maturit\u00e9, car le monde \u00e9tait immature.<\/p>\n<p>Le concept de bonheur et de malheur ne se r\u00e9v\u00e9lait qu\u2019\u00e0 travers la souffrance et l\u2019ennui, selon les sans-abris. La richesse \u00e9tait mis\u00e9rable et superficielle pour eux.<\/p>\n<p>Pourquoi fallait-il exercer des m\u00e9tiers ali\u00e9nants et torturants pour recevoir une redevance ind\u00e9cente et \u00eatre malheureux par cette corv\u00e9e&nbsp;?<\/p>\n<p>Cependant, entre lassitude et solitude, la vie en soci\u00e9t\u00e9 m\u00e9ritait d\u2019\u00eatre v\u00e9cue malgr\u00e9 sa duret\u00e9.<\/p>\n<p>La richesse, autre que l\u2019argent, ne provenait que du c\u0153ur et c\u2019est bien cela qui poussait certain sans-abris \u00e0 s\u2019isoler en groupe.<\/p>\n<p>Pourquoi fallait-il souffrir et vivre&nbsp;? Quel en \u00e9tait le sens&nbsp;?<\/p>\n<p>La raison \u00e9tait incompr\u00e9hensible. Il fallait lutter pour survivre dans ce monde et cette existence injuste et violente.<\/p>\n<p>Certaines personnes choisissaient de cr\u00e9er des enfants en s\u2019accouplant entre individus de sexe oppos\u00e9 sous pr\u00e9texte que cela \u00e9tait \u00ab&nbsp;l\u2019amour&nbsp;\u00bb.<\/p>\n<p>Cependant, le nombre de naissances ne cessait de diminuer depuis de nombreuses ann\u00e9es dans la Capitale. Les couples aussi devenaient rares. La vie \u00e9tant de plus en plus dure, la population se reproduisait moins. L\u2019humanit\u00e9 commen\u00e7ait \u00e0 s\u2019\u00e9teindre aussi bien moralement que physiquement.<\/p><p><br><\/p>\n<p>Dans cette communaut\u00e9 de sans-abris, Jason y resta quelques jours, le temps de reprendre des forces et de se reposer. Son \u00e9tat physique l\u2019\u00e9puisait et son moral n\u2019\u00e9tait pas tr\u00e8s bon. Il ne pouvait plus prendre de pilules, ce qui rendait son humeur plus naturelle mais triste.<\/p>\n<p>Il sympathisa avec le chef, Tom, qui lui raconta sa vie, ses origines, ses motivations, et ses aspirations.<\/p>\n<p>&#8211; \u00ab&nbsp;Qu\u2019est ce qui te donne envie de vivre&nbsp;?&nbsp;\u00bb fut une question que Tom lui posa myst\u00e9rieusement.<\/p>\n<p>Ne sachant pas vraiment comment r\u00e9pondre, car il n\u2019 avait pas assez r\u00e9fl\u00e9chi, Jason comprit que cela n\u2019avait pas vraiment de sens pour lui. Ce qui lui donnait envie de vivre \u00e9tait plut\u00f4t le fait que, malgr\u00e9 son histoire, il d\u00e9sirait survivre pour pouvoir r\u00e9sister contre l\u2019injustice de sa situation et ne point souffrir d\u2019avantage de son sort.<\/p>\n<p>Il souhaitait reprendre sa vie d\u2019avant, telle une personne banale qui, malgr\u00e9 tout, vivait une vie ordinaire avec sa lassitude et ses tracas, mais cela \u00e9tait supportable.<\/p>\n<p>Il ne put croire franchement que Tom, son nouvel ami, lui indiqua qu\u2019il avait entendu en \u00e9coutant la fr\u00e9quence de leurs petite radio dans leur refuge qu\u2019un certain Jason Beutler \u00e9tait recherch\u00e9 par le r\u00e9gime et la R.A.S. pour des raisons secr\u00e8tes, et que celui qui le d\u00e9noncerait serait r\u00e9compens\u00e9 d\u2019une prime.<\/p>\n<p>C\u2019\u00e9tait donc bien lui, Jason Beutler, qui avait captur\u00e9 l\u2019\u00e9nigmatique bo\u00eete cryptographique dans la for\u00eat o\u00f9 il avait l\u2019habitude de se rendre, qui \u00e9tait traqu\u00e9.<\/p>\n<p>&#8211; \u00ab&nbsp;Je ne peux rentrer chez moi, car je suis recherch\u00e9&nbsp;\u00bb se dit-il.<\/p>\n<p>&#8211; \u00ab&nbsp;Ils ont s\u00fbrement d\u00fb te rep\u00e9rer gr\u00e2ce \u00e0 ta puce \u00e9lectronique \u00bb songea Tom.<\/p>\n<p>&#8211; \u00ab&nbsp;Je pense que cette fameuse bo\u00eete noire a d\u00fb broyer la puce&nbsp;\u00bb<\/p>\n<p>&#8211; \u00ab&nbsp;De ce fait, je pense que cette bo\u00eete renferme un secret qu\u2019il faut d\u00e9couvrir&nbsp;\u00bb, lui dit Tom.<\/p>\n<p>Il y eu un d\u00e9bat sur la r\u00e9alit\u00e9 cryptographique que communiquait la bo\u00eete.<\/p>\n<p>Jason lui montra la bo\u00eete noire et lui indiqua que des sonorit\u00e9s dans une langue inconnue en \u00e9taient sorties.<\/p>\n<p>Tom \u00e9mit l\u2019hypoth\u00e8se que cela devait avoir un sens, et une signification.<\/p>\n<p>&#8211; \u00ab&nbsp;Quel en est le son&nbsp;?&nbsp;\u00bb demanda Tom.&nbsp;<\/p>\n<p>Jason appuya sur le bouton rouill\u00e9 \u00e0 droite de la bo\u00eete. Et soudain le m\u00eame son sortit de mani\u00e8re rythm\u00e9e mais d\u00e9sorganis\u00e9e, plus lentement&nbsp;:<\/p>\n<p>Onig\u00e9lou\u2026<\/p>\n<p>Batsaroa\u2026<\/p>\n<p>Batsaroa\u2026<\/p>\n<p>Flacolme\u2026<\/p>\n<p>Iromi\u2026<\/p>\n<p>Parlou\u2026<\/p>\n<p>Forma\u2026<\/p>\n<p>D\u00e9rotsse\u2026<\/p>\n<p>Nanionne\u2026<\/p>\n<p>Mayon\u2026<\/p>\n<p>Ergonne\u2026<\/p>\n<p>Castnaia\u2026<\/p>\n<p>Une langue extraterrestre commen\u00e7a \u00e0 continuer la suite&nbsp;: ce fut quelque chose d\u2019aigu et de strident, quelque chose de d\u00e9sagr\u00e9able \u00e0 entendre. Ils se bouch\u00e8rent les oreilles.<\/p>\n<p>Tom r\u00e9appuya sur le bouton encore et encore, et cette bo\u00eete se mit \u00e0 bouger et \u00e0 se d\u00e9construire sur elle-m\u00eame dans un bruit indescriptible, en mouvement.<\/p>\n<p>\u00ab&nbsp;Que se passe-t-il&nbsp;?&nbsp;\u00bb s\u2019\u00e9cria Jason, surpris par ce qui venait de se produire sous ses yeux .<\/p>\n<p>\u00ab&nbsp;Il semblerait qu\u2019il y ait un m\u00e9canisme \u00e0 l\u2019int\u00e9rieur de cet objet&nbsp;\u00bb, r\u00e9pondit Tom.<\/p>\n<p>L\u2019objet se d\u00e9composait en formes de mini-cubes qui se collaient sur deux c\u00f4t\u00e9s restreints.<\/p>\n<p>Au centre, il y avait une fente qui contenait un morceau de papier avec des inscriptions dessus.<\/p>\n<p>Batsaroa\u2026&nbsp;!<\/p>\n<p>Onig\u00e9lou\u2026&nbsp;!<\/p>\n<p>Batsaroa\u2026&nbsp;!<\/p>\n<p>Iromi\u2026&nbsp;!<\/p>\n<p>Flacolme\u2026&nbsp;!<\/p>\n<p>Parlou&nbsp;\u2026&nbsp;!<\/p>\n<p>Mayon\u2026&nbsp;!<\/p>\n<p>Ergonne \u2026&nbsp;!<\/p>\n<p>Castnaia\u2026&nbsp;!<\/p>\n<p>Forma\u2026&nbsp;!<\/p>\n<p>D\u00e9rotsse \u2026&nbsp;!<\/p>\n<p>Nanionne\u2026&nbsp;!<\/p>\n<p>Cette fois-ci, l\u2019objet en d\u00e9composition avait augment\u00e9 le volume du son qui se r\u00e9p\u00e9tait avec le langage qui semblait sortir de la fente.<\/p>\n<p>Le bout de papier pli\u00e9 de quelques centim\u00e8tres fut expuls\u00e9 part un courant d\u2019air frais. Ils le ramass\u00e8rent puis le d\u00e9pli\u00e8rent \u00e0 c\u00f4t\u00e9 de la boite, sur un tronc d\u2019arbre d\u00e9chiquet\u00e9.<\/p>\n<p>A l\u2019int\u00e9rieur de ce pliage \u00e9tait \u00e9crit&nbsp;: \u00ab&nbsp;Ici se trouve la r\u00e9ponse au code de destruction de l\u2019ordinateur central&nbsp;: \u00ab&nbsp;Der Schmetterling fliegt \u00dcber das Licht&nbsp;\u00bb.<\/p>\n<p>En lisant cette phrase allemande insolite, Tom et Jason prirent conscience de la notion de lumi\u00e8re.<\/p>\n<p>Une \u00e9nigme secr\u00e8te et obscure se cachait derri\u00e8re ce vers. C\u2019\u00e9tait quelque chose d\u2019\u00e9trange et de myst\u00e9rieux. Il ne pouvait y avoir comme seule r\u00e9ponse justificative qu\u2019une mission ultime \u00e0 accomplir.<\/p>\n<p>Le bout de papier fut saisi par Jason pour ne pas le perde et alors qu\u2019il le touchait, son corps fut saisi d\u2019engourdissement avec des ondes \u00e9lectromagn\u00e9tiques.&nbsp;<\/p><p><br><\/p><p>Soudain, son instinct et ses pens\u00e9es divagu\u00e8rent confus\u00e9ment&nbsp;: Jason perdit la vue et une forme perturbante apparut en zigzagant autour de lui. Elle d\u00e9gageait une couleur indescriptible et ind\u00e9finissable que l\u2019on ne pouvait nommer par manque de connaissance et rationalit\u00e9.<\/p>\n<p>Tom, quant \u00e0 lui, fut enferm\u00e9 dans une cage avec des barreaux invisibles. Pr\u00e9cautionneusement, il d\u00e9cida de ne pas bouger car en touchant l\u2019imperceptible cage, ses mains br\u00fblaient en chauffant douloureusement. Il ne pouvait pas faire grand-chose.<\/p>\n<p>Il ne pouvait plus communiquer avec Jason car leurs r\u00e9alit\u00e9s les avaient s\u00e9par\u00e9s par le biais de la bo\u00eete noire.<\/p>\n<p>Tout \u00e0 coup, une parole divine et fluorescente s\u2019empara de la conscience de Jason et lui murmura \u00e0 l\u2019oreille des ordres \u00e0 suivre.<\/p>\n<p>&#8211; \u00ab&nbsp;Que me voulez- vous&nbsp;? Que me faites-vous&nbsp;? Quels sont vos intentions&nbsp;?&nbsp;\u00bb<\/p>\n<p>&#8211; \u00ab&nbsp;Je t\u2019ai charm\u00e9 pour que tu puisses m\u2019ob\u00e9ir et ex\u00e9cuter des ordres. Je suis l\u2019h\u00e9ritier de la sagesse et l\u2019ange de la raison. J\u2019ai pour mission de t\u2019informer d\u2019une chose capitale&nbsp;: il faut que tu saches \u00e0 quel point nous t\u2019appr\u00e9cions et c\u2019est pour cela que nous t\u2019avons choisi. Tes atouts et ton potentiels r\u00e9v\u00e8lent une faiblesse fragile qui permettrait de sauver le monde de l\u2019indicible chaos.&nbsp;\u00bb<\/p>\n<p>&#8211; \u00ab&nbsp;Que se passe-t-il&nbsp;? Est-ce d\u00fb \u00e0 cette boite noire&nbsp;?&nbsp;\u00bb<\/p>\n<p>&#8211; \u00ab&nbsp;Oui, tu as pu trouver une citation en la manipulant\u2026&nbsp;\u00bb<\/p><p><br><\/p>\n<p>De son cot\u00e9, Tom \u00e9tait toujours pris au pi\u00e8ge de sa prison invisible \u00e0 quelques m\u00e8tres de Jason. Il pouvait le distinguer dans un \u00e9tat second. Que pouvait-il bien faire pour l\u2019aider&nbsp;?<\/p><p><br><\/p>\n<p>La voix continua&nbsp;:<\/p>\n<p>&#8211; \u00ab&nbsp;Tu dois te rendre au centre de la capitale et utiliser cette \u00e9nigme pour d\u00e9truire le noyau central du syst\u00e8me de surveillance \u00ab&nbsp;Rebecca&nbsp;\u00bb.<\/p><p><br><\/p>\n<p>En r\u00e9alit\u00e9, Tom \u00e9tait un imposteur de la R.A.S. et voici sa v\u00e9ritable histoire&nbsp;:<\/p>\n<p>Tom, de son vrai nom Tom Moussa, \u00e9tait n\u00e9 en 2032, 8 ans avant Jason. Il avait vu le jour dans une famille pauvre et nombreuse d\u2019ouvriers de l\u2019Est du pays.<\/p>\n<p>Apr\u00e8s avoir suivi une \u00e9ducation rigide et stricte avec un p\u00e8re alcoolique et une m\u00e8re d\u00e9pressive qui se suicida lorsqu\u2019il avait 12 ans, il fut forc\u00e9 d\u2019aller travailler dans une usine informatique. On l\u2019envoya pr\u00e8s de la capitale en 2044, quatre ans avant le coup d\u2019\u00e9tat de 2048.<\/p>\n<p>L\u00e0-bas, dans cette ville de Saint-Parotte, maintenant appel\u00e9e le secteur de \u00ab&nbsp;Lassitude-district&nbsp;\u00bb, \u00e0 quelques kilom\u00e8tres d\u2019\u00ab&nbsp;Ab\u00eeme-district&nbsp;\u00bb , il dut au d\u00e9but se construire un abri de fortune dans un bidonville pour survivre. Il avait \u00e9difi\u00e9 des barri\u00e8res avec du barbel\u00e9 tout autour de sa modeste demeure pour se sentir en s\u00e9curit\u00e9.<\/p>\n<p>Le travail dans cette usine \u00e9tait dur, ingrat et malveillant envers ses salari\u00e9s.<\/p>\n<p>Cette besogne consistait \u00e0 r\u00e9aliser des pi\u00e8ces \u00e9l\u00e9mentaires en soulevant de lourdes pinces en acier pour participer \u00e0 la fabrication de bo\u00eetes secr\u00e8tes li\u00e9es au syst\u00e8me de d\u00e9fense d\u2019un ordinateur central. Cependant, il n\u2019en savait pas plus.<\/p>\n<p>Alors qu\u2019il se faisait exploiter sans rel\u00e2che, sa sant\u00e9 mentale s\u2019avilissait . Ce travail absurde le fit basculer dans la folie et il fut renvoy\u00e9 de son poste pour son \u00ab&nbsp; manque de performance&nbsp;\u00bb et sa lenteur handicapante.<\/p>\n<p>Le jour de son renvoi, on se moqua de lui et on l\u2019humilia tr\u00e8s perversement.<\/p>\n<p>C\u2019\u00e9tait l\u2019\u00e9poque du coup d\u2019\u00e9tat de 2048 dans la capitale.<\/p>\n<p>A cette \u00e9poque, un nouveau syst\u00e8me de collaborateur commen\u00e7ait \u00e0 recruter secr\u00e8tement des individus perdus pour les corrompre et les forcer \u00e0 faire le mal dans l\u2019anonymat.<\/p>\n<p>Dans ce contexte, les organes centraux de l\u2019\u00e9tat ne fonctionnaient plus correctement. La r\u00e9volte grondait face aux dirigeants du pouvoir de la capitale.<\/p>\n<p>Le pr\u00e9sident Omer Trassou disparut du jour au lendemain. Son parti et son gouvernement furent dissous et l\u2019assembl\u00e9e de la r\u00e9publique fut an\u00e9antie.<\/p>\n<p>Un nouvel \u00e9tat de droit,&nbsp;command\u00e9 par une police secr\u00e8te&nbsp;: la R.A.S., cr\u00e9a une forme de dictature \u00e0 l\u2019autorit\u00e9 et aux contraintes collectives s\u00e9v\u00e8res pour pr\u00e9server l\u2019int\u00e9r\u00eat g\u00e9n\u00e9ral et le bien commun.<\/p>\n<p>Les r\u00e8gles aberrantes et mesures strictes de cette dictature prises \u00e0 l\u2019encontre de la libert\u00e9 \u00e9taient les suivantes&nbsp;:<\/p>\n<p>La vraie libert\u00e9 doit \u00eatre manipul\u00e9e et contr\u00f4l\u00e9e&nbsp;: qui n\u2019est soumis \u00e0 aucune contrainte, \u00e0 aucun contr\u00f4le, \u00e0 aucune restriction n\u2019est pas libre. Les strat\u00e9gies de contr\u00f4le de la libert\u00e9 cr\u00e9\u00e9es par la R.A.S. sont les suivantes&nbsp;:<\/p>\n<p>Pour commencer, il faut cr\u00e9er des probl\u00e8mes par une m\u00e9thode appel\u00e9e&nbsp;\u00ab probl\u00e8me-r\u00e9action-solution&nbsp;\u00bb. Pour susciter une certaine r\u00e9action chez l\u2019individu pour qu\u2019il accepte les mesures de contr\u00f4le et de manipulation propos\u00e9es sans qu\u2019il le sache par la R.A.S.,<br>il faut provoquer des probl\u00e8mes dans la soci\u00e9t\u00e9.<\/p>\n<p>Pour appliquer la pr\u00e9carit\u00e9 et des salaires sous-pay\u00e9s, il faut appliquer de nouvelles mesures et cela de mani\u00e8re progressive, tranquillement et avec efficacit\u00e9 pour transformer cette soci\u00e9t\u00e9 en laboratoire de la pauvret\u00e9.<\/p>\n<p>Pour modifier l\u2019intelligence de mani\u00e8re durable chez les individus et faire baisser leur capacit\u00e9 de r\u00e9volte en les encourageant \u00e0 se complaire vitalement dans la m\u00e9diocrit\u00e9, le gouvernement de la capitale maintenait la population dans l\u2019ignorance et la peur de toutes informations.&nbsp;<span style=\"text-align: var(--text-align); color: var(--global--color-primary); font-size: var(--global--font-size-base);\">Celui qui osait r\u00e9fl\u00e9chir \u00e9tait signaler suspect.<\/span><\/p>\n<p>La libert\u00e9 de d\u00e9cider, d\u2019agir, de circuler, de s\u2019exprimer, de cr\u00e9er, de penser, de r\u00eaver, de voyager<br>et de travailler \u00e9tait contr\u00f4ler par l\u2019\u00e9tat.&nbsp;<span style=\"text-align: var(--text-align); color: var(--global--color-primary); font-size: var(--global--font-size-base);\">Il ne restait plus que la libert\u00e9 d\u2019aimer qui \u00e9tait menac\u00e9e.<\/span><\/p><p><span style=\"text-align: var(--text-align); color: var(--global--color-primary); font-size: var(--global--font-size-base);\"><br><\/span><\/p>\n<p>Pour subvenir \u00e0 ses besoins et faire face \u00e0 sa situation tragique, Tom s\u2019enr\u00f4la dans le recrutement de la R.A.S.<br>et fut form\u00e9 dans un centre secret. Il devint un espion, serviteur du mal, en le poussant \u00e0 agir pour l\u2019argent, et le pouvoir.<br>Il apprit \u00e0 manipuler et \u00e0 corrompre, \u00e0 violenter, mentir, et tromper au service de la R.A.S.<\/p>\n<p>Le centre de formation o\u00f9 il fut enr\u00f4l\u00e9 se trouvait dans l\u2019Est de la capitale.<\/p>\n<p>La R.A.S. recrutait de nombreux profils qui d\u00e9siraient effacer leur pass\u00e9.<br>Elle leurs offrait l\u2019opportunit\u00e9 de recommencer leur vie et d\u2019effacer leur identit\u00e9.<\/p>\n<p>Tom avait donc une douloureuse histoire et \u00e9tait complice de la cruaut\u00e9.<\/p>\n<p>Soudain, Jason entendit des bruits de machine a\u00e9ronautique arrivant en sa direction.<br>Tom avait disparu de son baraquement. Il s\u2019\u00e9tait volatilis\u00e9, le laissant seul dans son hallucinant et myst\u00e9rieux d\u00e9lire.<br>Il ne trouvait plus de sens \u00e0 son existence et sa situation peu commune. Il \u00e9tait fataliste et avait du mal \u00e0 se projeter dans l\u2019avenir de sa destin\u00e9e. La situation produisait un bilan compliqu\u00e9&nbsp;: <br>il \u00e9tait pourchass\u00e9, traqu\u00e9 et recherch\u00e9 par l\u2019instrumentalisation du pouvoir&nbsp;: la police secr\u00e8te, la R.A.S.<br>Il ne pouvait rebrousser chemin, car il risquait de se faire capturer et il ne savait pas ce qui risquerait de lui arriver s\u2019il se faisait attraper. Il redoutait la mort et la torture.<\/p><p><br><\/p>\n<p>Le soir arriva et le manteau sinistre de la nuit envahissait le ciel vaporeux en raison des d\u00e9chets radioactifs de la capitale. Le ciel \u00e9tait sombre et intimidant pour celui qui osait apercevoir les rayons de lumi\u00e8re de la lune, cach\u00e9e par la vapeur d\u2019une journ\u00e9e de pollution durement oppressante.<\/p><p><br><\/p>\n<p>Le son des machines \u00ab&nbsp;hurlait&nbsp;\u00bb et se rapprochait en sa direction. Il se rendit compte en observant leurs projecteurs qu\u2019une dizaine d\u2019h\u00e9licoriums volaient dans la vo\u00fbte du ciel sans visage. On aurait dit des cr\u00e9atures sorties tout droit des abysses des t\u00e9n\u00e8bres, agitant leurs ailes pour mieux exercer leur terreur.<\/p>\n<p>Les h\u00e9licoriums \u00e9taient des v\u00e9hicules volants utilis\u00e9s pour surveiller la population. Ils avaient \u00e9t\u00e9 con\u00e7us pour rechercher les individus \u00e0 \u00e9liminer en les rep\u00e9rant avec leurs projecteurs et radars d\u2019\u00e9clairage solaire FX-341. Ils patrouillaient en sections de r\u00e9giments a\u00e9roport\u00e9s dans le ciel de la capitale et des secteurs environnants, mais surtout vers l\u2019Ouest, car nombreux \u00e9taient les d\u00e9serteurs qui voulaient rejoindre la c\u00f4te Ouest, un territoire interdit d\u2019acc\u00e8s. L\u2019Ouest, c\u2019\u00e9tait l\u00e0 o\u00f9 Jason r\u00eavait d\u2019aller vivre.<\/p>\n<p>D\u2019un aire d\u00e9cid\u00e9, il prit avec crainte une bouff\u00e9e de courage et d\u00e9cida de prendre le chemin du lieu o\u00f9 se trouvait la forteresse de \u00ab&nbsp;Krakofe&nbsp;\u00bb.&nbsp; Ce lieu se situait devant la pleine lune au centre de la capitale.<\/p>\n<p>Nous \u00e9tions \u00e0 une journ\u00e9e de marche de \u00ab Krakofe&nbsp;\u00bb.&nbsp;<\/p>\n<p>C\u2019\u00e9tait la toute premi\u00e8re fois qu\u2019il se rendait dans cette \u00e9tonnante direction, dans l\u2019\u00e9picentre du quartier g\u00e9n\u00e9ral de la R.A.S.<\/p>\n<p>Pendant qu\u2019il r\u00e9fl\u00e9chissait, son d\u00e9lire entour\u00e9 d\u2019ondes \u00e9lectromagn\u00e9tiques mystiques c\u2019\u00e9tait apais\u00e9.<\/p>\n<p>Il \u00e9tait maintenant contr\u00f4l\u00e9 par une voix qui ma\u00eetrisait ses pens\u00e9es irrationnelles.<\/p>\n<p>La rationalit\u00e9&nbsp;? Ce qui venait de se produire intens\u00e9ment \u00e9tait rationnellement surnaturel.<\/p>\n<p>Cela ne pouvait \u00eatre que les sympt\u00f4mes hallucinog\u00e8nes et psychotiques de la bo\u00eete noire, comme dans la vision de la for\u00eat.<\/p>\n<p>La voix lui indiqua d\u2019ouvrir cet objet \u00e0 nouveau. Elle lui parlait tendrement et amicalement \u00e0 travers sa conscience.<\/p>\n<p>Cette voix lui voulait du bien et cela se sentait dans son timbre sinc\u00e8re.<\/p>\n<p>Cependant, la bo\u00eete noire continua de pers\u00e9cuter Jason.<\/p>\n<p>Les sympt\u00f4mes se faisaient sentir de plus en plus fort. Il ne pouvait plus \u00e9chapper \u00e0 son destin.<\/p>\n<p>Il \u00e9tait pers\u00e9cut\u00e9 et on ne lui laissait pas le choix.<\/p>\n<p>La bo\u00eete, ce r\u00e9cipient de mati\u00e8re rigide qu\u2019il transportait, brillait dans la nuit et on pouvait le d\u00e9masquer.<\/p>\n<p>On observait un \u00e9tat, une sorte de maladie qui prenait le dessus sur son inconscient et sa m\u00e9fiance.<\/p>\n<p>En avan\u00e7ant dans le brouillard, il sombrait dans la folie.<\/p>\n<p>Il \u00e9tait trait\u00e9 avec acharnement dans un d\u00e9lire syst\u00e9matique.<\/p>\n<p>Le son de la bo\u00eete noire vibrait dans sa sacoche.<\/p>\n<p>Il y eut une r\u00e9v\u00e9lation, un ph\u00e9nom\u00e8ne en d\u00e9sordre au caract\u00e8re perceptible ou observable li\u00e9 \u00e0 son \u00e9tat&nbsp;:<br>\u00ab&nbsp;le capharna\u00fcm de bouffonnerie humoristique&nbsp;\u00bb.<\/p>\n<p>Il n\u2019y eu pas vraiment de chemin r\u00e9ellement concret. Ce d\u00e9lire fut une prise de conscience psychique pour Jason.<\/p>\n<p>Les \u00e9toiles \u00e9taient rouges et les arbres se changeaient en \u00e9l\u00e9phants et tartes \u00e0 la cr\u00e8me flambants<br>dans la d\u00e9pr\u00e9ciation vorace et la fatuit\u00e9 de sa personnalit\u00e9 dissociative.<\/p>\n<p>Un bruit sardonique s\u2019\u00e9chappa de la bo\u00eete et la fit vibrer encore une fois contre sa poitrine.<\/p>\n<p>Les ombres et la lumi\u00e8re de la nuit vacillaient.<br>Il mangea un morceau de tarte. C\u2019\u00e9tait d\u00e9licieux. Il n\u2019en avait jamais mang\u00e9 d\u2019aussi succulente.<\/p>\n<p>Tout \u00e0 coup, les \u00e9l\u00e9phants \u00e0 c\u00f4t\u00e9 de lui se chang\u00e8rent en bouteilles de champagne,<br>et il but \u00e0 grandes gorg\u00e9es une bouteille enti\u00e8re.<br>Son app\u00e9tit vorace lui remonta le moral et r\u00e9tablit sa raison rationnelle.<br>Cependant, l\u2019ahurissement du capharna\u00fcm de bouffonnerie humoristique s\u2019\u00e9clipsa. Il fut alors plong\u00e9 dans une obscurit\u00e9 sans temporalit\u00e9 et son corps se d\u00e9composa en milliers d\u2019atomes dans toutes les directions.&nbsp;<\/p>\n<p>Ce qui \u00e9tait le plus surnaturel, c\u2019est qu\u2019il en \u00e9tait conscient et bien en vie dans un espace \u00e0 la vitesse incroyablement rapide. N&rsquo;est-ce pas un r\u00eave o\u00f9 une hallucination cauchemardesque&nbsp;?<\/p>\n<p>Il ne comprenait toujours pas et il semblait qu\u2019il n\u2019y avait pas de sens \u00e0 ce ph\u00e9nom\u00e8ne prodigieux ou accablant\u2026<\/p>\n<p>La voix qui le contr\u00f4lait indiqua \u00e0 son cerveau de ne pas s\u2019angoisser et que tout ce spectacle \u00e9tait dans les normes de la t\u00e9l\u00e9portation dimensionnelle.<\/p>\n<p>A c\u00f4t\u00e9 de lui ou de sa consistance, se trouvait un vide interdimensionnel sans fin. Il vit passer au-dessus de lui des images de la cr\u00e9ation de l\u2019univers, des dinosaures, de l\u2019histoire du monde, mais aussi des secrets sans noms et autres attraits indescriptibles.<\/p>\n<p>La voie aimable revint lui parler&nbsp;:<\/p>\n<p>&#8211; \u00ab&nbsp;La qu\u00eate\u2026&nbsp;\u00bb lui dit-elle.<\/p>\n<p>&#8211; \u00ab&nbsp;Tu dois le faire&nbsp;\u00bb<\/p>\n<p>&#8211; \u00ab&nbsp;Tu dois sauver le monde de la malveillante tyrannie&nbsp;\u00bb<\/p>\n<p>&#8211; \u00ab&nbsp;Nous t\u2019avons choisi secr\u00e8tement afin de nuire\u2026&nbsp;\u00bb<\/p>\n<p>A ces mots au ton ind\u00e9niablement opini\u00e2tre, Jason repris conscience. Il \u00e9tait couch\u00e9 sur une route en b\u00e9ton devant un portail en fer. Il faisait froid et le vent soufflait dans le ciel de la nuit. Il regarda et se rendit compte que les h\u00e9licoriums n\u2019\u00e9taient plus l\u00e0.<\/p><p><br><\/p>\n<p>Couch\u00e9 sur la route, il se trouvait cach\u00e9 par un rare buisson rev\u00eatu de feuilles vertes et jaunes qui le camouflaient.<\/p>\n<p>Cette route \u00e9tait une voie de communication suivant un itin\u00e9raire compliqu\u00e9 qui se perdait dans l\u2019horizon. Il y avait un champ de mines explosives sur les c\u00f4t\u00e9s avec un panneau indiquant une t\u00eate de mort encadr\u00e9e.<\/p>\n<p>Une bande d\u00e9blay\u00e9e de terre crasseuse assez \u00e9troite, non rev\u00eatue de mine, \u00e9tait creus\u00e9e dans le sol vers une direction d\u00e9termin\u00e9e&nbsp;: ce chemin se faufilait le long des remparts de la forteresse vers la droite de la porte.<\/p>\n<p>Des tourelles blind\u00e9es d\u2019environ une dizaine de m\u00e8tres de haut, en b\u00e9ton et entour\u00e9es de barbel\u00e9s \u00e9lectriques, dominaient la forteresse dans la composition des remparts.<\/p>\n<p>Sur le gigantesque portail en acier, il y avait un panneau o\u00f9 l\u2019on pouvait lire les mots suivants en rouge&nbsp;: \u00ab&nbsp;D\u00e9fense d\u2019entrer, sous peine d\u2019\u00e9limination&nbsp;\u00bb.<\/p>\n<p>En haut des tours, des miliciens maintenaient la garde de nuit comme de jour, arm\u00e9s de lances \u00e9lectriques et de fusils d\u00e9tecteurs X23.<\/p>\n<p>La voie lui indiqua de prendre le chemin de terre sinueux et pernicieux qui se situait \u00e0 droite pour ne pas se faire rep\u00e9rer.<\/p>\n<p>Malgr\u00e9 sa peur, il n\u2019avait pas le choix et devait trouver un moyen d\u2019esquiver la surveillance s\u2019il voulait entrer dans la forteresse de \u00ab&nbsp;Krakofe&nbsp;\u00bb.<\/p>\n<p>Le syst\u00e8me de surveillance \u00ab&nbsp;Rebecca&nbsp;\u00bb y \u00e9tait, et la d\u00e9truire gr\u00e2ce \u00e0 la bo\u00eete noire \u00e9tait son objectif \u00e0 atteindre.<\/p><p><br><\/p>\n<p>Sans r\u00e9pit, il s\u2019\u00e9lan\u00e7a et suivi cette route sans perdre un instant.<\/p>\n<p>La bo\u00eete noire vibrait et chauffait dans sa sacoche, quelques minutes avant de se taire.<\/p>\n<p>Une odeur d\u2019ammoniac et de m\u00e9thane chimique odorait l\u2019atmosph\u00e8re ambiante du chemin.<\/p>\n<p>Elle empestait de plus en plus forte lorsqu\u2019il s\u2019enfon\u00e7a dans le chemin de terre brumeux creus\u00e9 dans le sol pour s\u2019y perdre.<\/p>\n<p>Cette perte de rep\u00e8res engendra des \u00e9motions fortes telles que la peur, le d\u00e9go\u00fbt, et l\u2019angoisse de souffrir dans cette grisaille incertaine.<\/p>\n<p>L\u2019odeur chimique de gaz inhal\u00e9e provoqua un petit rejet de son corps et Jason toussa du sang.<\/p>\n<p>Alors, il sortit un mouchoir avec minutie de sa sacoche et se l\u2019appliqua contre son nez et sa bouche pour se prot\u00e9ger de l\u2019\u00e9manation.<\/p>\n<p>Il \u00e9tait confus\u00e9ment \u00e9gar\u00e9 et avan\u00e7ait avec prudence, pas \u00e0 pas, dans un silence morbide en titubant.<\/p>\n<p>La bo\u00eete noire chauffait dans sa bandouli\u00e8re, mais cela ne l\u2019inqui\u00e9tait pas.<\/p>\n<p>Au bout de quelques minutes, il n\u2019apercevait plus la surface avec les remparts, car il s\u2019\u00e9tait plong\u00e9 dans un chemin souterrain tel une tranch\u00e9e en forme d\u2019escaliers boueux qui devait \u00eatre am\u00e9nag\u00e9e et creus\u00e9e par la milice comme acc\u00e8s de secours. Il n\u2019\u00e9tait plus visible par les gardes et pouvait donc se d\u00e9tendre prudemment, bien qu\u2019il ne savait pas o\u00f9 il cheminait.<\/p>\n<p>Finalement, il supplia la voie de l\u2019aider en lui communiquant les instructions \u00e0 suivre dans cette exp\u00e9dition secr\u00e8te et hasardeuse.<\/p>\n<p>&#8211; \u00ab&nbsp;Que pouvait-il bien y avoir \u00e0 nuire&nbsp;?&nbsp;\u00bb s\u2019\u00e9cria-t-il.<\/p>\n<p>Les derni\u00e8res indications l\u2019avaient troubl\u00e9&nbsp;: il ne savait toujours pas comment atteindre son but&nbsp;: d\u00e9truire Rebecca.<\/p>\n<p>La voie lui apparut et s\u2019exprima d\u2019un ton plus sec et dur cette fois-ci&nbsp;:<\/p>\n<p>&#8211; \u00ab&nbsp;Jason, tu as en ta possession une bo\u00eete noire chauffante, vibrante. Ceci est une arme radiochimique contenant<\/p>\n<p>un code de destruction secret. Il y a des pouvoirs magiques cr\u00e9\u00e9s par des atomes biochimiques la composant.<\/p>\n<p>C\u2019est gr\u00e2ce \u00e0 cela que tu es ici.&nbsp;Nous t\u2019avons guid\u00e9 pour que tu puisses commettre l\u2019impardonnable&nbsp;: un meurtre.<\/p>\n<p>Cependant, cela sera une forme d\u2019homicide pour la bonne cause de ta qu\u00eate.<\/p>\n<p>La violence de cet acte doit \u00eatre justifi\u00e9e par l\u2019entr\u00e9e dans la forteresse&nbsp;\u00bb.<\/p>\n<p>&#8211; \u00ab&nbsp;Comment cela&nbsp;? Comment est-ce possible&nbsp;?&nbsp;\u00bb<\/p>\n<p>&#8211; \u00ab&nbsp;Tu dois \u00e9liminer un garde pour te d\u00e9guiser en soldat imp\u00e9rial&nbsp;!&nbsp;\u00bb<\/p>\n<p>&#8211; \u00ab&nbsp;Affirmatif\u2026 mais comment ferais-je&nbsp;?&nbsp;\u00bb<\/p>\n<p>&#8211; \u00ab&nbsp;Utilise le couteau aiguis\u00e9 que nous avons plac\u00e9 dans ta sacoche. \u00bb<\/p>\n<p>Jason fourra sa main dans son sac et sentit un couteau qu\u2019il ne connaissait pas. Ce devait \u00eatre encore un objet de don surnaturel<\/p>\n<p>et magique de la bo\u00eete noire, pensait-il.<\/p>\n<p>La voix se tut et il reprit sa marche d\u2019un aire d\u00e9termin\u00e9 et barbare.<\/p>\n<p>Devant lui, il entendait tout \u00e0 coup des bruissements de voix humaines dialoguant, se rapprocher.<\/p>\n<p>Il reconnut la voix de Tom \u00e0 l\u2019autre bout du chemin, pr\u00e8s d\u2019une porte secr\u00e8te plac\u00e9e derri\u00e8re le couloir. Il \u00e9tait cach\u00e9 par le mur<\/p>\n<p>\u00e0 quelques m\u00e8tres de la porte o\u00f9 se trouvaient Tom et ses compagnons miliciens qui montaient la garde.<\/p>\n<p>Il s\u2019arr\u00eata pour se cacher et \u00e9couter le dialogue.<\/p>\n<p>&#8211; \u00ab&nbsp;L\u2019humanit\u00e9 de cette terre se consume aussi bien moralement que physiquement et notre parti verra la gloire du peuple<\/p>\n<p>reptilien prosp\u00e9rer une fois qu\u2019ils seront sur terre. Le plan d\u2019extermination de Rebecca verra son jour arriver.<\/p>\n<p>Nous le pr\u00e9parons secr\u00e8tement au sein de notre institution de la R.A.S. L\u2019oppression id\u00e9ologique du r\u00e9gime de la capitale<\/p>\n<p>doit an\u00e9antir le peuple.&nbsp;\u00bb<\/p>\n<p>&#8211; \u00ab&nbsp;Bien s\u00fbr Tom, nous devons les affaiblir puisqu\u2019ils sont une menace et nous pr\u00e9parons une offensive nucl\u00e9aire pour d\u00e9truire l\u2019Ouest, bastion de l\u2019opposition de notre r\u00e9gime&nbsp;\u00bb, rajouta le camarade milicien de Tom.<\/p>\n<p>Ils \u00e9taient deux autres miliciens \u00e0 prot\u00e9ger la porte d\u2019entr\u00e9e.<\/p>\n<p>Assis sur des bancs en bois, ils fumaient des cigarettes en uniforme de soldats imp\u00e9riaux du parti avec leurs armes \u00e9lectriques.&nbsp;<\/p>\n<p>Au bout d\u2019une heure d\u2019attente, il ne restait plus que Tom. Les deux autres avaient lev\u00e9 la garde et \u00e9taient retourn\u00e9s<\/p>\n<p>dans la forteresse.&nbsp;<span style=\"text-align: var(--text-align); color: var(--global--color-primary); font-size: var(--global--font-size-base);\">L\u2019uniforme de sa tenue \u00e9tait uniquement vert avec des bandes bleues sur ses manches.<\/span><\/p>\n<p><span style=\"text-align: var(--text-align); color: var(--global--color-primary); font-size: var(--global--font-size-base);\">Il avait en sa possession une lance \u00e9lectriques Y-74, arme de pointe de la R.A.S. .<\/span><\/p>\n<p>De ce fait, il fallait donc \u00eatre rapide et efficace pour lui \u00f4ter la vie sans \u00eatre rep\u00e9r\u00e9.<\/p>\n<p>Il tenait son arme prudemment en la serrant bien fort dans sa main, pr\u00eat \u00e0 d\u00e9gainer et \u00e0 \u00e9gorger Tom<\/p>\n<p>en lui sautant dessus par-derri\u00e8re, pr\u00e8s de la porte.<\/p>\n<p>Alors d\u2019un coup sec et fatal, il prit son \u00e9lan et bondit dans le dos de Tom.<br>Le couteau lui trancha la gorge d\u2019un seul coup et le sang gicla sur le sol.<\/p>\n<p>Ne comprenant rien \u00e0 ce qu\u2019il venait de lui arriver, le cadavre s\u2019effondra contre la porte.<br>Il y eut un bruit de douleur puis plus rien. Un silence de mort se propagea.<\/p>\n<p>Tom gisait dans une mare de sang obscure et il agonisait. Alors Jason lui porta un coup fatal au c\u0153ur<br>en le plantant droit dans sa chair.<\/p>\n<p>L\u2019odeur de la mort se d\u00e9gagea dans la tranch\u00e9e. De ce corps inerte, disparaissait un tra\u00eetre qui n\u2019avait pas r\u00e9ussi<\/p>\n<p>\u00e0 adopter un comportement digne envers la vie, malgr\u00e9 son histoire.<\/p>\n<p>L\u2019effondrement de son existence venait de basculer et il venait de p\u00e9rir par le r\u00f4le d\u2019un personnage devenu tueur<\/p>\n<p>pour la cause en faveur de la d\u00e9livrance.<\/p>\n<p>Morne fut la contemplation de ce corps sauvagement liquid\u00e9 par l\u2019assassin. Et alors que plus aucun soldat ne maintenait la garde,<br>il scruta les v\u00eatements tach\u00e9s de sang du cadavre inanim\u00e9 au sol.<\/p>\n<p>La mort, cet \u00e9v\u00e9nement auquel les membres de l\u2019humanit\u00e9 et Jason ne s\u2019auraient \u00e9chapper, que l\u2019on qualifie de fin de vie, est un \u00e9v\u00e9nement brutalement naturel.<\/p>\n<p>Il s\u2019inscrit dans cette nature et soci\u00e9t\u00e9 perfide, vilaine et ali\u00e9nante, o\u00f9 le meurtre pr\u00e9m\u00e9dit\u00e9 l\u2019accompagnait.<\/p>\n<p>Tom s\u2019\u00e9tait risqu\u00e9 sans le savoir et par la force du destin \u00e0 mourir, et il ne pr\u00e9tendait pas \u00e9chapper \u00e0 la mort.<br>La souffrance, la douleur \u00e9taient pourtant tristement fatales dans cette action achev\u00e9e par le pr\u00e9dateur dans sa qu\u00eate.<br>Il y avait une sorte de d\u00e9livrance chez les deux personnages. Tom \u00e9tait lib\u00e9r\u00e9 de son r\u00f4le de tra\u00eetre et Jason s\u2019affranchissait<br>des r\u00e8gles de la morale pour poursuivre et atteindre son but ordonn\u00e9 par la voix.<\/p>\n<p>Le cheminement de l\u2019\u00e9volution du doute sur le bien-fond\u00e9 de cette conspiration qu\u2019alimentaient les actions<br>de sa destin\u00e9e aller bient\u00f4t prendre fin.<\/p>\n<p>L\u2019ali\u00e9nation \u00e9tait bel et bien pr\u00e9sente et la folie permettrait d\u2019occuper un espace de libert\u00e9 dans cette jungle de la survie.<\/p><p><br><\/p>\n<p>Aussit\u00f4t qu\u2019il eut enfil\u00e9 l\u2019uniforme ensanglant\u00e9 de Tom et pris son arme, il d\u00e9clencha l\u2019ouverture de&nbsp;la porte pour entrer secr\u00e8tement dans la forteresse.<\/p>\n<p>Au premier instant qu\u2019il eut franchi le passage, il entama une marche en direction d\u2019un couloir \u00e9troit. L\u2019odeur \u00e9trange venait de cette direction. Une deuxi\u00e8me porte se trouvait face \u00e0 lui, blind\u00e9e de cadenas avec une clef sur le c\u00f4t\u00e9.<br>Il entendit le bruit d\u2019un r\u00e9acteur et un langage bruyant de cr\u00e9atures non-humaines derri\u00e8re celle-ci. Bien qu\u2019ayant presque<br>atteint son but, il prit garde, et prot\u00e9gea sa sacoche.<\/p>\n<p><\/p>\n<p>Alors, la porte s\u2019ouvrit et devant lui un spectacle saisissant et grandiose se pr\u00e9senta.<\/p><p><br><\/p>\n<p>Une cohorte de cr\u00e9atures tentaculaires statique au visage sombre et vert \u00e9tait regroup\u00e9e dans une cour au sol rouge<br>\u00e0 une centaine de m\u00e8tres de lui. Il y avait un liquide bleu\u00e2tre qui couvrait une partie de la cour et cela brillait sur le reflet<br>d\u2019une machine gigantesque avec des individus humano\u00efdes sur les abords.<\/p>\n<p><span style=\"vertical-align: inherit;\"><span style=\"vertical-align: inherit;\">Cette machine \u00e9tait bruyante et un son cacophonique sortait des turbines du r\u00e9acteur. Cela devait \u00eatre Rebecca.<\/span><\/span><\/p>\n<p><span style=\"vertical-align: inherit;\"><span style=\"vertical-align: inherit;\">Un bouclier de protection avec une mati\u00e8re transparente jaillissante autour de cette b\u00eate de machine atomique. <\/span><\/span><br><span style=\"vertical-align: inherit;\"><span style=\"vertical-align: inherit;\">Il n&rsquo;y avait plus d&rsquo;\u00eatres humains. En ce qui concernait les cr\u00e9atures, elles \u00e9taient immobiles en arc de cercle, <\/span><\/span><br><span style=\"vertical-align: inherit;\"><span style=\"vertical-align: inherit;\">positionn\u00e9es quelques m\u00e8tres avant la machine et flottaient contre les dissimulables teintes de la couche du sol, <\/span><\/span><br><span style=\"vertical-align: inherit;\"><span style=\"vertical-align: inherit;\">habill\u00e9es de diff\u00e9rentes tuniques scintillantes.<\/span><\/span><\/p>\n<p><\/p>\n<p><span style=\"vertical-align: inherit;\"><span style=\"vertical-align: inherit;\">Au-dessus de leurs t\u00eates, des tuyaux connectaient leurs cerveaux enfl\u00e9s \u00e0 la machines en pompant leur \u00e9nergie de leurs cervelles. Ces cr\u00e9atures devaient faire deux m\u00e8tres cinquante de hauteur et ne bougeaient pratiquement pas. <\/span><\/span><br><span style=\"vertical-align: inherit;\"><span style=\"vertical-align: inherit;\">Un langage mystique et religieux sortait de leur bouche en r\u00e9citant des paroles dans un d\u00e9sordre logique, telles des formules secr\u00e8tes et myst\u00e9rieuses visant \u00e0 transformer quelques substances magiques en \u00e9nergie m\u00e9canique.<\/span><\/span><\/p>\n<p><span style=\"vertical-align: inherit;\"><span style=\"vertical-align: inherit;\">Des robots tueurs et humano\u00efdes circulaient librement dans toutes les directions bien pr\u00e9cises aux abords de cette <\/span><\/span><br><span style=\"vertical-align: inherit;\"><span style=\"vertical-align: inherit;\">sc\u00e8ne prestigieuse et infernale bruyante.<\/span><\/span><\/p>\n<p><span style=\"vertical-align: inherit;\"><span style=\"vertical-align: inherit;\">Sur les hauteurs des palissades et des murs, on apercevait l&rsquo;autre face des tourelles de garde de l&rsquo;int\u00e9rieur. <\/span><\/span><br><span style=\"vertical-align: inherit;\"><span style=\"vertical-align: inherit;\">Des h\u00e9licoriums patrouillaient dans l&rsquo;immensit\u00e9 spectrale de la nuit et \u00e9clairaient cette m\u00e9tamorphose de folie cach\u00e9e.<\/span><\/span><\/p>\n<p><span style=\"vertical-align: inherit;\"><span style=\"vertical-align: inherit;\">Le r\u00e9acteur \u00e9tait une tas de machines aux proportions intersid\u00e9rales qui \u00e9tait constitu\u00e9e de tuyaux et de fils \u00e9lectriques statiques.<\/span><\/span><\/p>\n<p><span style=\"vertical-align: inherit;\"><span style=\"vertical-align: inherit;\">Une imposante masse irr\u00e9guli\u00e8re \u00e9tait dens\u00e9ment dress\u00e9e au-dessus de la cour jusqu&rsquo;au tourelles. Une chemin\u00e9e invisible finissait sa trajectoire dans le ciel sans visage pour pomper l&rsquo;\u00e9nergie du cosmos.<\/span><\/span><\/p>\n<p><span style=\"vertical-align: inherit;\"><span style=\"vertical-align: inherit;\">Les cr\u00e9atures rassembl\u00e9es \u00e9taient des Aliens \u00ab reptiliens \u00bb. Elles pratiquaient un rituel satanique <\/span><\/span><br><span style=\"vertical-align: inherit;\"><span style=\"vertical-align: inherit;\">d&rsquo;ensorcellement de l&rsquo;intelligence artificielle Rebecca pour pouvoir s&rsquo;impr\u00e9gner du pouvoir de contr\u00f4le plan\u00e9taire.<\/span><\/span><\/p>\n<p><span style=\"vertical-align: inherit;\"><span style=\"vertical-align: inherit;\">Les humano\u00efdes et robots tueurs patrouillaient autour pour prot\u00e9ger le d\u00e9roulement de cet \u00e9v\u00e9nement fatidique. <\/span><\/span><br><span style=\"vertical-align: inherit;\"><span style=\"vertical-align: inherit;\">Il y avait une odeur macabre que Jason avait sentie d\u00e8s son arriv\u00e9e.<\/span><\/span><\/p>\n<p><span style=\"vertical-align: inherit;\"><span style=\"vertical-align: inherit;\">D\u00e9guis\u00e9 et cach\u00e9 dans un coin de la cour derri\u00e8re une porte, il scrutait les machines vivantes et violentes.<\/span><\/span><\/p>\n<p><span style=\"vertical-align: inherit;\"><span style=\"vertical-align: inherit;\">&#8211; \u00ab Je vais me sacrifier en bombe humaine, pensa-t-il. Il est temps de courir de toutes mes forces jusqu&rsquo;\u00e0 la machine <\/span><\/span><br><span style=\"vertical-align: inherit;\"><span style=\"vertical-align: inherit;\">et d&rsquo;y d\u00e9poser la bo\u00eete. Ainsi, je me suiciderais pour une juste cause contre ces t\u00e9n\u00e9breux \u00eatres malfaisants. \u00bb<\/span><\/span><\/p>\n<p><span style=\"vertical-align: inherit;\"><span style=\"vertical-align: inherit;\">La voix entendit sa pens\u00e9e et lui dit qu&rsquo;il n&rsquo;y avait pas d&rsquo;autres solutions \u00e0 effectuer et que sa mission prendrai fin bient\u00f4t.<\/span><\/span><\/p>\n<p><span style=\"vertical-align: inherit;\"><span style=\"vertical-align: inherit;\">La RAS ne pouvait pas le reconna\u00eetre et, au c\u0153ur du quartier principal de cette forteresse de Krakoffe, <\/span><\/span><br><span style=\"vertical-align: inherit;\"><span style=\"vertical-align: inherit;\">l&rsquo;impatience d&rsquo;en d\u00e9coudre une derni\u00e8re fois avec la vie et le syst\u00e8me p\u00e9rilleux de la capitale viendrait augmenter la force et la folie <\/span><\/span><br><span style=\"vertical-align: inherit;\"><span style=\"vertical-align: inherit;\">de Jason. Sa r\u00e9alit\u00e9 instantan\u00e9e n&rsquo;\u00e9tait plus celle d&rsquo;un homme banal rattrap\u00e9 par ses obligations de survivre et son funeste destin, mais t\u00f4t ou tard, il terminerait son acte de destruction massive contre l&rsquo;oppresseur \u00e9tranger en finissant sa vie sans regretter de l&rsquo; avoir v\u00e9cue dans la tristesse, mais d&rsquo;avoir chang\u00e9 le monde. Il fallait avant tout quitter ce monde pour ne plus avoir \u00e0 supporter la tyrannie de l&rsquo;existence.<\/span><\/span><\/p>\n<p><span style=\"vertical-align: inherit;\"><span style=\"vertical-align: inherit;\">Une force vaillante le submergea et son c\u0153ur vibra.<\/span><\/span><\/p>\n<p><span style=\"vertical-align: inherit;\"><span style=\"vertical-align: inherit;\">La voie lui indique qu&rsquo;il \u00e9tait temps de partir en courant pour atteindre l&rsquo;interrupteur <\/span><\/span><br><span style=\"vertical-align: inherit;\"><span style=\"vertical-align: inherit;\">au fond de la cour et y d\u00e9poser la bo\u00eete noire pour l&rsquo;acte final.<\/span><\/span><\/p>\n<p><span style=\"vertical-align: inherit;\"><span style=\"vertical-align: inherit;\">Sur ce fait, il d\u00e9colla tel une fus\u00e9e et lance la bo\u00eete noire dans le trou noir de l&rsquo;interrupteur. <\/span><\/span><br><span style=\"vertical-align: inherit;\"><span style=\"vertical-align: inherit;\">Aucune des forces pr\u00e9sentes dans cette cour n&rsquo;eut le temps de le voir.<\/span><\/span><\/p>\n<p><span style=\"vertical-align: inherit;\"><span style=\"vertical-align: inherit;\">Alors soudain, il a disparu.<\/span><\/span><\/p>\n<p><span style=\"vertical-align: inherit;\"><span style=\"vertical-align: inherit;\">La r\u00e9alit\u00e9 et les personnages disparus.<\/span><\/span><\/p>\n<p><span style=\"vertical-align: inherit;\"><span style=\"vertical-align: inherit;\">Il n&rsquo;y eu plus rien : l&rsquo;effondrement d&rsquo;un gigantesque brouha poussa un cri effroyable dans le ciel et le cosmos, <\/span><\/span><br><span style=\"vertical-align: inherit;\"><span style=\"vertical-align: inherit;\">et le r\u00e9acteur explosa.<\/span><\/span><\/p><p><span style=\"vertical-align: inherit;\"><span style=\"vertical-align: inherit;\"><br><\/span><\/span><\/p>\n<p><span style=\"vertical-align: inherit;\"><span style=\"vertical-align: inherit;\">Un vacarme inaudible s&rsquo;acharna sur le son et la terre. Il ouvre les yeux : il \u00e9tait seul dans le vide. C&rsquo;\u00e9tait un vide glac\u00e9 et particulier proche du n\u00e9ant plong\u00e9 dans une froide obscurit\u00e9. Un silence dilat\u00e9 le hantait. La peur de l&rsquo;inconnu r\u00e9v\u00e9lait le sens inerte de toutes choses dans le pass\u00e9. Il flottait dans un espace \u00e0 l&rsquo;odeur agr\u00e9able mais tomba dans une autre r\u00e9alit\u00e9 physique en quatre dimensions.<\/span><\/span><\/p>\n<p><span style=\"vertical-align: inherit;\"><span style=\"vertical-align: inherit;\">Des couleurs et des sons nouveaux prenaient naissance dans une lueur \u00e9trang\u00e8re. <\/span><\/span><br><span style=\"vertical-align: inherit;\"><span style=\"vertical-align: inherit;\">Son regard s&rsquo;\u00e9teint puis on entendit plus rien.<\/span><\/span><\/p><p><span style=\"vertical-align: inherit;\"><span style=\"vertical-align: inherit;\"><br><\/span><\/span><\/p>\n<p><span style=\"vertical-align: inherit;\"><span style=\"vertical-align: inherit;\">Il ouvre les yeux et reprend la connaissance. Il y avait autour de lui une salle avec des murs remplis d&rsquo;atomes. Jason se trouvait au-dessus de cette salle est pouvait voir de tous les c\u00f4t\u00e9s. On d\u00e9crivait cela comme une sorte de labyrinthe biochimique universel o\u00f9 une porte de lumi\u00e8re s&rsquo;ouvre.<\/span><\/span><\/p>\n<p><span style=\"vertical-align: inherit;\"><span style=\"vertical-align: inherit;\">Un extraterrestre m\u00e9tamorphos\u00e9 en scarab\u00e9e sortit de cette porte en gesticulant et en tenant dans chaque patte un objet de design.<\/span><\/span><\/p>\n<p><span style=\"vertical-align: inherit;\"><span style=\"vertical-align: inherit;\">Il ne voyageait pas Jason. Personne ne pouvait le voir.<\/span><\/span><\/p>\n<p><span style=\"vertical-align: inherit;\"><span style=\"vertical-align: inherit;\">Il salua un autre personnage et puis prend la parole d&rsquo;un ton bl\u00eame : \u00ab Notre objectif est le suivant : d\u00e9truire le sens critique, le potentiel et l&rsquo;intelligence de l&rsquo;individu d\u00e8s son plus jeune \u00e2ge pour qu&rsquo;il se soumette aux r\u00e8gles et pouvoir \u00eatre employ\u00e9, utilis\u00e9, format\u00e9 au sein du gouvernement de la capitale, de ce syst\u00e8me m\u00e9taphysique de cette plan\u00e8te que nous manipulons. Les gens plus intelligents que la moyenne seront mis de c\u00f4t\u00e9 et leur cr\u00e9ativit\u00e9 limit\u00e9e. Les individus bons et brillants seront an\u00e9antis par le syst\u00e8me soci\u00e9tal oppressant en les rendant malades. Seuls l&rsquo;ignorance, la peur et l&rsquo;angoisse pourront permettre aux groupes de cette plan\u00e8te de survivre. La v\u00e9rit\u00e9 n&rsquo;existe pas. Ce qui compte seulement, c&rsquo;est le maintien de l&rsquo;ob\u00e9issance et de la survie. Un m\u00e9lange de peur et de tristesse habitera le c\u0153ur et l&rsquo;esprit de l&rsquo;individu de cette plan\u00e8te. \u00bb<\/span><\/span><\/p>\n<p><span style=\"vertical-align: inherit;\"><span style=\"vertical-align: inherit;\">Face \u00e0 ce discours, Jason pensa : mais o\u00f9 se trouve le r\u00e9confort et l&rsquo;amour lorsque la solitude et l&rsquo;isolement guettent l&rsquo;esp\u00e8ce ? Il suffisait qu&rsquo;une seule choisisse gu\u00e9rir la situation mais cela n&rsquo;arrivera jamais.<\/span><\/span><\/p>\n<p><span style=\"vertical-align: inherit;\"><span style=\"vertical-align: inherit;\">La souffrance de l&rsquo;existence jaillira de la source vitale. Il faudra survivre h\u00e9ro\u00efquement sur cette plan\u00e8te, songea-t-il, dans cette r\u00e9alit\u00e9 d\u00e9primante manipul\u00e9e par des Aliens Reptiliens d&rsquo;une autre galaxie.<\/span><\/span><\/p>\n<p><span style=\"vertical-align: inherit;\"><span style=\"vertical-align: inherit;\">Mais \u00e0 force de songer, \u00e9tait-il toujours vivant ? Il repensa avec appr\u00e9hension : nous vivons dans une soci\u00e9t\u00e9 dans le d\u00e9ni de sa propre pathologie psychiatrique. Laquelle ? avait-il r\u00e9fl\u00e9chi longuement.<\/span><\/span><\/p>\n<p><span style=\"vertical-align: inherit;\"><span style=\"vertical-align: inherit;\">La voix lui a r\u00e9pondu : \u00ab la perversion narcissique reptilienne \u00bb\u2026<\/span><\/span><\/p><p><span style=\"vertical-align: inherit;\"><span style=\"vertical-align: inherit;\"><br><\/span><\/span><\/p>\n<p><span style=\"vertical-align: inherit;\"><span style=\"vertical-align: inherit;\">A la suite, une jeune fille est apparue devant lui et les atomes se d\u00e9compos\u00e8rent par association d&rsquo;\u00e9lectrons statiques, \u00e0 travers eux dans le temps entre pr\u00e9sent, pass\u00e9 et futur. <\/span><\/span><br><span style=\"vertical-align: inherit;\"><span style=\"vertical-align: inherit;\">La fronti\u00e8re de ces trois rep\u00e8res temporels devenait floue. <\/span><\/span><br><span style=\"vertical-align: inherit;\"><span style=\"vertical-align: inherit;\">Une musique douce et claire accompagnait son spectacle grandiose.<\/span><\/span><\/p>\n<p><span style=\"vertical-align: inherit;\"><span style=\"vertical-align: inherit;\">C&rsquo;\u00e9tait Sandrine qui \u00e9tait en face de lui dans des nuages atomiques.<\/span><\/span><\/p>\n<p><span style=\"vertical-align: inherit;\"><span style=\"vertical-align: inherit;\">Il n&rsquo;avait plus peur de rien et le confort de l&rsquo;amour avait saisi son c\u0153ur immortel.<\/span><\/span><\/p>\n<p><span style=\"vertical-align: inherit;\"><span style=\"vertical-align: inherit;\">Il la regarda quelques instants.<\/span><\/span><\/p>\n<p><span style=\"vertical-align: inherit;\"><span style=\"vertical-align: inherit;\">Elle lui glissa un doux baiser et ils commenc\u00e8rent \u00e0 ce caresser.<\/span><\/span><\/p>\n<p><span style=\"vertical-align: inherit;\"><span style=\"vertical-align: inherit;\">Jason s&rsquo;\u00e9l\u00e8ve avec Sandrine et dans l&rsquo;univers c\u00e9leste, ces deux personnages de magie resplendissent en une seule \u00e9toile filante dans le cosmos, filant \u00e0 la vitesse de quelques ann\u00e9es-lumi\u00e8re de la capitale.<\/span><\/span><\/p>\n<p><span style=\"vertical-align: inherit;\"><span style=\"vertical-align: inherit;\">Ce fut l&rsquo;amour qui allait tout sauver.<\/span><\/span><\/p>\n<p><span style=\"vertical-align: inherit;\"><span style=\"vertical-align: inherit;\">L&rsquo;amour le plus splendide avait surv\u00e9cu \u00e0 la terreur et \u00e0 la dictature du r\u00e9el de cette plan\u00e8te.<\/span><\/span><\/p>\n<p><span style=\"vertical-align: inherit;\"><span style=\"vertical-align: inherit;\">Et tandis qu&rsquo;un autre univers, une autre r\u00e9alit\u00e9 se dessinait, ces deux personnages continuaient \u00e0 s&rsquo;aimer jusqu&rsquo;\u00e0 la fin, la fin de toutes choses et l&rsquo;av\u00e8nement de l&rsquo;amour \u00e9ternel vers un autre espace o\u00f9 la po\u00e9sie ressuscitera. le n\u00e9ant de l&rsquo;apocalypse finale d&rsquo;un dernier po\u00e8me rempli d&rsquo;espoir pour l&rsquo;avenir de l&rsquo;humanit\u00e9 :<\/span><\/span><\/p><p><span style=\"vertical-align: inherit;\"><span style=\"vertical-align: inherit;\"><br><\/span><\/span><\/p>\n<p><span style=\"vertical-align: inherit;\"><span style=\"vertical-align: inherit;\">Les d\u00e9bris m\u00e9lancoliques ont tiss\u00e9 des toiles de gaiet\u00e9.<\/span><\/span><\/p>\n<p><span style=\"vertical-align: inherit;\"><span style=\"vertical-align: inherit;\">Nous sommes pass\u00e9s ici et l\u00e0 par l&rsquo;ampleur du malheur.<\/span><\/span><\/p>\n<p><span style=\"vertical-align: inherit;\"><span style=\"vertical-align: inherit;\">Des sons m\u00e9lodieux vibraient\u2026<\/span><\/span><\/p>\n<p><span style=\"vertical-align: inherit;\"><span style=\"vertical-align: inherit;\">A comprendre que les choses se sont \u00e9vapor\u00e9es.<\/span><\/span><\/p>\n<p><span style=\"vertical-align: inherit;\"><span style=\"vertical-align: inherit;\">Jadis, il fut un temps o\u00f9 l&rsquo;immuable,<\/span><\/span><\/p>\n<p><span style=\"vertical-align: inherit;\"><span style=\"vertical-align: inherit;\">Prit naissance dans l&rsquo;incontr\u00f4lable.<\/span><\/span><\/p>\n<p><span style=\"vertical-align: inherit;\"><span style=\"vertical-align: inherit;\">Au paradis des cieux,<\/span><\/span><\/p>\n<p><span style=\"vertical-align: inherit;\"><span style=\"vertical-align: inherit;\">L&rsquo;\u00e2me s\u0153ur est lumineuse.<\/span><\/span><\/p>\n<p><span style=\"vertical-align: inherit;\"><span style=\"vertical-align: inherit;\">Par ici, et par l\u00e0, je m&rsquo;\u00e9tais promen\u00e9<\/span><\/span><\/p>\n<p><span style=\"vertical-align: inherit;\"><span style=\"vertical-align: inherit;\">Sur le chemin de la solitude triste du soir.<\/span><\/span><\/p>\n<p><span style=\"vertical-align: inherit;\"><span style=\"vertical-align: inherit;\">Oh ! Terre c\u00e9leste et paradis myst\u00e9rieux,<\/span><\/span><\/p>\n<p><span style=\"vertical-align: inherit;\"><span style=\"vertical-align: inherit;\">Le ciel bleu rend heureux les amoureux.<\/span><\/span><\/p>\n<p><span style=\"vertical-align: inherit;\"><span style=\"vertical-align: inherit;\">Le flot de la mort coule vers le pr\u00e9cipice de mes angoisses.<\/span><\/span><\/p>\n<p><span style=\"vertical-align: inherit;\"><span style=\"vertical-align: inherit;\">Je me d\u00e9teste de vivre pour ne pas sombrer dans le d\u00e9sespoir.<\/span><\/span><\/p>\n<p><span style=\"vertical-align: inherit;\"><span style=\"vertical-align: inherit;\">J&rsquo;allume des chandelles le long des rues.<\/span><\/span><\/p>\n<p><span style=\"vertical-align: inherit;\"><span style=\"vertical-align: inherit;\">Je pleure \u00e0 ne pas comprendre les mots de ma triste raison perdue.<\/span><\/span><\/p>\n<p><span style=\"vertical-align: inherit;\"><span style=\"vertical-align: inherit;\">Le vent souffl\u00e9 sur les vers d&rsquo;id\u00e9es biscornues<\/span><\/span><\/p>\n<p><span style=\"vertical-align: inherit;\"><span style=\"vertical-align: inherit;\">Demain encore, il n&rsquo;y en aura plus<\/span><\/span><\/p>\t\t\t\t\t\t<\/div>\n\t\t\t\t<\/div>\n\t\t\t\t\t<\/div>\n\t\t\t\t<\/div>\n\t\t<div class=\"elementor-element elementor-element-de54d0a e-flex e-con-boxed e-con e-parent\" data-id=\"de54d0a\" data-element_type=\"container\" data-settings=\"{&quot;content_width&quot;:&quot;boxed&quot;}\" data-core-v316-plus=\"true\">\n\t\t\t\t\t<div class=\"e-con-inner\">\n\t\t\t\t<div class=\"elementor-element elementor-element-ae2cfe3 lae-slider-arrow-shape-rounded-corners elementor-widget__width-initial lae-slider-arrow-placement-middle-center lae-slider-arrow-color-dark lae-slider-arrow-visibility-always elementor-widget elementor-widget-lae-posts-multislider\" data-id=\"ae2cfe3\" data-element_type=\"widget\" data-widget_type=\"lae-posts-multislider.default\">\n\t\t\t\t<div class=\"elementor-widget-container\">\n\t\t\t\r\n<div class=\"lae-posts-multislider-wrap\">\r\n    <div            id=\"lae-posts-multislider-ae2cfe3\"\r\n            class=\"lae-posts-multislider lae-container lae-posts-multislider-style-1\"\r\n            data-settings='{\"arrows\":true,\"dots\":false,\"autoplay\":false,\"autoplay_speed\":3000,\"animation_speed\":300,\"pause_on_hover\":true,\"adaptive_height\":false,\"display_columns\":3,\"scroll_columns\":3,\"tablet_width\":800,\"tablet_display_columns\":2,\"tablet_scroll_columns\":2,\"mobile_width\":480,\"mobile_display_columns\":1,\"mobile_scroll_columns\":1}'>\r\n<div class=\"lae-posts-multislider-item lae-align-middle-left\">\r\n\r\n    <article id=\"post-3133\"\r\n             class=\"lae-post-entry post-3133 post type-post status-publish format-standard has-post-thumbnail hentry category-poeme-3 tag-ecrits entry\">\r\n\r\n        \r\n            \r\n            \r\n            \r\n            <div class=\"lae-post-overlay lae-post-featured-img-bg\"\r\n                 style=\"background-image: url(https:\/\/kornlebars.fr\/wp-content\/uploads\/2024\/07\/14-1.jpg); height: 100px;\">\r\n\r\n                \r\n                    <div class=\"lae-post-text-wrap\">\r\n\r\n                        <div class=\"lae-post-text\">\r\n\r\n                            \r\n                                <span class=\"lae-terms\"><a href=\"https:\/\/kornlebars.fr\/index.php\/tag\/ecrits\/\">\u00c9CRITS<\/a><\/span>\r\n                            \r\n                            \r\n                                <h3 class=\"lae-post-title\"><a href=\"https:\/\/kornlebars.fr\/index.php\/2024\/07\/23\/poeme-1-1-dimanche-gris\/\" title=\"Po\u00e8me 1.1\u00a0: Dimanche gris.\" rel=\"bookmark\">Po\u00e8me 1.1\u00a0: Dimanche gris.<\/a><\/h3>\r\n                            \r\n                            \r\n                                <div class=\"lae-post-meta\">\r\n\r\n                                    \r\n                                    \r\n                                    \r\n                                <\/div>\r\n\r\n                            \r\n                            <div class=\"lae-post-content\">\r\n\r\n                                \r\n                                \r\n                            <\/div>\r\n\r\n                        <\/div><!-- .lae-post-text -->\r\n\r\n                    <\/div>\r\n\r\n                \r\n            <\/div>\r\n\r\n        \r\n    <\/article><!-- .hentry -->\r\n\r\n<\/div><!-- .lae-posts-multislider-item -->\r\n\r\n\r\n\r\n<div class=\"lae-posts-multislider-item lae-align-middle-left\">\r\n\r\n    <article id=\"post-3139\"\r\n             class=\"lae-post-entry post-3139 post type-post status-publish format-standard has-post-thumbnail hentry category-poeme-3 tag-ecrits entry\">\r\n\r\n        \r\n            \r\n            \r\n            \r\n            <div class=\"lae-post-overlay lae-post-featured-img-bg\"\r\n                 style=\"background-image: url(https:\/\/kornlebars.fr\/wp-content\/uploads\/2024\/07\/2-2.jpg); height: 100px;\">\r\n\r\n                \r\n                    <div class=\"lae-post-text-wrap\">\r\n\r\n                        <div class=\"lae-post-text\">\r\n\r\n                            \r\n                                <span class=\"lae-terms\"><a href=\"https:\/\/kornlebars.fr\/index.php\/tag\/ecrits\/\">\u00c9CRITS<\/a><\/span>\r\n                            \r\n                            \r\n                                <h3 class=\"lae-post-title\"><a href=\"https:\/\/kornlebars.fr\/index.php\/2024\/07\/23\/poeme-1-1-dimanche-gris-2\/\" title=\"Po\u00e8me 1.2 : Introspection.\" rel=\"bookmark\">Po\u00e8me 1.2 : Introspection.<\/a><\/h3>\r\n                            \r\n                            \r\n                                <div class=\"lae-post-meta\">\r\n\r\n                                    \r\n                                    \r\n                                    \r\n                                <\/div>\r\n\r\n                            \r\n                            <div class=\"lae-post-content\">\r\n\r\n                                \r\n                                \r\n                            <\/div>\r\n\r\n                        <\/div><!-- .lae-post-text -->\r\n\r\n                    <\/div>\r\n\r\n                \r\n            <\/div>\r\n\r\n        \r\n    <\/article><!-- .hentry -->\r\n\r\n<\/div><!-- .lae-posts-multislider-item -->\r\n\r\n\r\n\r\n<div class=\"lae-posts-multislider-item lae-align-middle-left\">\r\n\r\n    <article id=\"post-3147\"\r\n             class=\"lae-post-entry post-3147 post type-post status-publish format-standard has-post-thumbnail hentry category-poeme-3 tag-ecrits entry\">\r\n\r\n        \r\n            \r\n            \r\n            \r\n            <div class=\"lae-post-overlay lae-post-featured-img-bg\"\r\n                 style=\"background-image: url(https:\/\/kornlebars.fr\/wp-content\/uploads\/2024\/07\/3-3.jpg); height: 100px;\">\r\n\r\n                \r\n                    <div class=\"lae-post-text-wrap\">\r\n\r\n                        <div class=\"lae-post-text\">\r\n\r\n                            \r\n                                <span class=\"lae-terms\"><a href=\"https:\/\/kornlebars.fr\/index.php\/tag\/ecrits\/\">\u00c9CRITS<\/a><\/span>\r\n                            \r\n                            \r\n                                <h3 class=\"lae-post-title\"><a href=\"https:\/\/kornlebars.fr\/index.php\/2024\/07\/23\/poeme-1-3-tenebres\/\" title=\"Po\u00e8me 1.3 : T\u00e9n\u00e8bres.\" rel=\"bookmark\">Po\u00e8me 1.3 : T\u00e9n\u00e8bres.<\/a><\/h3>\r\n                            \r\n                            \r\n                                <div class=\"lae-post-meta\">\r\n\r\n                                    \r\n                                    \r\n                                    \r\n                                <\/div>\r\n\r\n                            \r\n                            <div class=\"lae-post-content\">\r\n\r\n                                \r\n                                \r\n                            <\/div>\r\n\r\n                        <\/div><!-- .lae-post-text -->\r\n\r\n                    <\/div>\r\n\r\n                \r\n            <\/div>\r\n\r\n        \r\n    <\/article><!-- .hentry -->\r\n\r\n<\/div><!-- .lae-posts-multislider-item -->\r\n\r\n\r\n\r\n<div class=\"lae-posts-multislider-item lae-align-middle-left\">\r\n\r\n    <article id=\"post-3156\"\r\n             class=\"lae-post-entry post-3156 post type-post status-publish format-standard has-post-thumbnail hentry category-poeme-3 tag-ecrits entry\">\r\n\r\n        \r\n            \r\n            \r\n            \r\n            <div class=\"lae-post-overlay lae-post-featured-img-bg\"\r\n                 style=\"background-image: url(https:\/\/kornlebars.fr\/wp-content\/uploads\/2024\/07\/4-3.jpg); height: 100px;\">\r\n\r\n                \r\n                    <div class=\"lae-post-text-wrap\">\r\n\r\n                        <div class=\"lae-post-text\">\r\n\r\n                            \r\n                                <span class=\"lae-terms\"><a href=\"https:\/\/kornlebars.fr\/index.php\/tag\/ecrits\/\">\u00c9CRITS<\/a><\/span>\r\n                            \r\n                            \r\n                                <h3 class=\"lae-post-title\"><a href=\"https:\/\/kornlebars.fr\/index.php\/2024\/07\/23\/poeme-1-4-quand-il-fait-noir\/\" title=\"Po\u00e8me 1.4 : Quand il fait noir.\" rel=\"bookmark\">Po\u00e8me 1.4 : Quand il fait noir.<\/a><\/h3>\r\n                            \r\n                            \r\n                                <div class=\"lae-post-meta\">\r\n\r\n                                    \r\n                                    \r\n                                    \r\n                                <\/div>\r\n\r\n                            \r\n                            <div class=\"lae-post-content\">\r\n\r\n                                \r\n                                \r\n                            <\/div>\r\n\r\n                        <\/div><!-- .lae-post-text -->\r\n\r\n                    <\/div>\r\n\r\n                \r\n            <\/div>\r\n\r\n        \r\n    <\/article><!-- .hentry -->\r\n\r\n<\/div><!-- .lae-posts-multislider-item -->\r\n\r\n\r\n\r\n<div class=\"lae-posts-multislider-item lae-align-middle-left\">\r\n\r\n    <article id=\"post-3162\"\r\n             class=\"lae-post-entry post-3162 post type-post status-publish format-standard has-post-thumbnail hentry category-poeme-3 tag-ecrits entry\">\r\n\r\n        \r\n            \r\n            \r\n            \r\n            <div class=\"lae-post-overlay lae-post-featured-img-bg\"\r\n                 style=\"background-image: url(https:\/\/kornlebars.fr\/wp-content\/uploads\/2024\/07\/5-3.jpg); height: 100px;\">\r\n\r\n                \r\n                    <div class=\"lae-post-text-wrap\">\r\n\r\n                        <div class=\"lae-post-text\">\r\n\r\n                            \r\n                                <span class=\"lae-terms\"><a href=\"https:\/\/kornlebars.fr\/index.php\/tag\/ecrits\/\">\u00c9CRITS<\/a><\/span>\r\n                            \r\n                            \r\n                                <h3 class=\"lae-post-title\"><a href=\"https:\/\/kornlebars.fr\/index.php\/2024\/07\/23\/poeme-1-4-quand-il-fait-noir-2\/\" title=\"Po\u00e8me 1.5 : Solitude et malheur.\" rel=\"bookmark\">Po\u00e8me 1.5 : Solitude et malheur.<\/a><\/h3>\r\n                            \r\n                            \r\n                                <div class=\"lae-post-meta\">\r\n\r\n                                    \r\n                                    \r\n                                    \r\n                                <\/div>\r\n\r\n                            \r\n                            <div class=\"lae-post-content\">\r\n\r\n                                \r\n                                \r\n                            <\/div>\r\n\r\n                        <\/div><!-- .lae-post-text -->\r\n\r\n                    <\/div>\r\n\r\n                \r\n            <\/div>\r\n\r\n        \r\n    <\/article><!-- .hentry -->\r\n\r\n<\/div><!-- .lae-posts-multislider-item -->\r\n\r\n\r\n\r\n<div class=\"lae-posts-multislider-item lae-align-middle-left\">\r\n\r\n    <article id=\"post-3167\"\r\n             class=\"lae-post-entry post-3167 post type-post status-publish format-standard has-post-thumbnail hentry category-poeme-3 tag-ecrits entry\">\r\n\r\n        \r\n            \r\n            \r\n            \r\n            <div class=\"lae-post-overlay lae-post-featured-img-bg\"\r\n                 style=\"background-image: url(https:\/\/kornlebars.fr\/wp-content\/uploads\/2024\/07\/6-3.jpg); height: 100px;\">\r\n\r\n                \r\n                    <div class=\"lae-post-text-wrap\">\r\n\r\n                        <div class=\"lae-post-text\">\r\n\r\n                            \r\n                                <span class=\"lae-terms\"><a href=\"https:\/\/kornlebars.fr\/index.php\/tag\/ecrits\/\">\u00c9CRITS<\/a><\/span>\r\n                            \r\n                            \r\n                                <h3 class=\"lae-post-title\"><a href=\"https:\/\/kornlebars.fr\/index.php\/2024\/07\/23\/poeme-1-6-chant-dun-ile\/\" title=\"Po\u00e8me 1.6 : Chant d\u2019un \u00eele.\" rel=\"bookmark\">Po\u00e8me 1.6 : Chant d\u2019un \u00eele.<\/a><\/h3>\r\n                            \r\n                            \r\n                                <div class=\"lae-post-meta\">\r\n\r\n                                    \r\n                                    \r\n                                    \r\n                                <\/div>\r\n\r\n                            \r\n                            <div class=\"lae-post-content\">\r\n\r\n                                \r\n                                \r\n                            <\/div>\r\n\r\n                        <\/div><!-- .lae-post-text -->\r\n\r\n                    <\/div>\r\n\r\n                \r\n            <\/div>\r\n\r\n        \r\n    <\/article><!-- .hentry -->\r\n\r\n<\/div><!-- .lae-posts-multislider-item -->\r\n\r\n\r\n\r\n<div class=\"lae-posts-multislider-item lae-align-middle-left\">\r\n\r\n    <article id=\"post-3176\"\r\n             class=\"lae-post-entry post-3176 post type-post status-publish format-standard has-post-thumbnail hentry category-poeme-3 tag-ecrits entry\">\r\n\r\n        \r\n            \r\n            \r\n            \r\n            <div class=\"lae-post-overlay lae-post-featured-img-bg\"\r\n                 style=\"background-image: url(https:\/\/kornlebars.fr\/wp-content\/uploads\/2024\/07\/7-3.jpg); height: 100px;\">\r\n\r\n                \r\n                    <div class=\"lae-post-text-wrap\">\r\n\r\n                        <div class=\"lae-post-text\">\r\n\r\n                            \r\n                                <span class=\"lae-terms\"><a href=\"https:\/\/kornlebars.fr\/index.php\/tag\/ecrits\/\">\u00c9CRITS<\/a><\/span>\r\n                            \r\n                            \r\n                                <h3 class=\"lae-post-title\"><a href=\"https:\/\/kornlebars.fr\/index.php\/2024\/07\/23\/poeme-1-7-melodie-de-la-deprime\/\" title=\"Po\u00e8me 1.7 : M\u00e9lodie de la d\u00e9prime.\" rel=\"bookmark\">Po\u00e8me 1.7 : M\u00e9lodie de la d\u00e9prime.<\/a><\/h3>\r\n                            \r\n                            \r\n                                <div class=\"lae-post-meta\">\r\n\r\n                                    \r\n                                    \r\n                                    \r\n                                <\/div>\r\n\r\n                            \r\n                            <div class=\"lae-post-content\">\r\n\r\n                                \r\n                                \r\n                            <\/div>\r\n\r\n                        <\/div><!-- .lae-post-text -->\r\n\r\n                    <\/div>\r\n\r\n                \r\n            <\/div>\r\n\r\n        \r\n    <\/article><!-- .hentry -->\r\n\r\n<\/div><!-- .lae-posts-multislider-item -->\r\n\r\n\r\n\r\n<div class=\"lae-posts-multislider-item lae-align-middle-left\">\r\n\r\n    <article id=\"post-3185\"\r\n             class=\"lae-post-entry post-3185 post type-post status-publish format-standard has-post-thumbnail hentry category-poeme-3 tag-ecrits entry\">\r\n\r\n        \r\n            \r\n            \r\n            \r\n            <div class=\"lae-post-overlay lae-post-featured-img-bg\"\r\n                 style=\"background-image: url(https:\/\/kornlebars.fr\/wp-content\/uploads\/2024\/07\/8-1.jpg); height: 100px;\">\r\n\r\n                \r\n                    <div class=\"lae-post-text-wrap\">\r\n\r\n                        <div class=\"lae-post-text\">\r\n\r\n                            \r\n                                <span class=\"lae-terms\"><a href=\"https:\/\/kornlebars.fr\/index.php\/tag\/ecrits\/\">\u00c9CRITS<\/a><\/span>\r\n                            \r\n                            \r\n                                <h3 class=\"lae-post-title\"><a href=\"https:\/\/kornlebars.fr\/index.php\/2024\/07\/23\/poeme-1-8-melodie-de-la-deprime-ii\/\" title=\"Po\u00e8me 1.8 : M\u00e9lodie de la d\u00e9prime II.\" rel=\"bookmark\">Po\u00e8me 1.8 : M\u00e9lodie de la d\u00e9prime II.<\/a><\/h3>\r\n                            \r\n                            \r\n                                <div class=\"lae-post-meta\">\r\n\r\n                                    \r\n                                    \r\n                                    \r\n                                <\/div>\r\n\r\n                            \r\n                            <div class=\"lae-post-content\">\r\n\r\n                                \r\n                                \r\n                            <\/div>\r\n\r\n                        <\/div><!-- .lae-post-text -->\r\n\r\n                    <\/div>\r\n\r\n                \r\n            <\/div>\r\n\r\n        \r\n    <\/article><!-- .hentry -->\r\n\r\n<\/div><!-- .lae-posts-multislider-item -->\r\n\r\n\r\n\r\n<div class=\"lae-posts-multislider-item lae-align-middle-left\">\r\n\r\n    <article id=\"post-3197\"\r\n             class=\"lae-post-entry post-3197 post type-post status-publish format-standard has-post-thumbnail hentry category-poeme-3 tag-ecrits entry\">\r\n\r\n        \r\n            \r\n            \r\n            \r\n            <div class=\"lae-post-overlay lae-post-featured-img-bg\"\r\n                 style=\"background-image: url(https:\/\/kornlebars.fr\/wp-content\/uploads\/2024\/07\/9-2.jpg); height: 100px;\">\r\n\r\n                \r\n                    <div class=\"lae-post-text-wrap\">\r\n\r\n                        <div class=\"lae-post-text\">\r\n\r\n                            \r\n                                <span class=\"lae-terms\"><a href=\"https:\/\/kornlebars.fr\/index.php\/tag\/ecrits\/\">\u00c9CRITS<\/a><\/span>\r\n                            \r\n                            \r\n                                <h3 class=\"lae-post-title\"><a href=\"https:\/\/kornlebars.fr\/index.php\/2024\/07\/23\/poeme-1-9-ecrire-dans-un-refuge-au-dela\/\" title=\"Po\u00e8me 1.9 : \u00c9crire dans un refuge au-del\u00e0.\" rel=\"bookmark\">Po\u00e8me 1.9 : \u00c9crire dans un refuge au-del\u00e0.<\/a><\/h3>\r\n                            \r\n                            \r\n                                <div class=\"lae-post-meta\">\r\n\r\n                                    \r\n                                    \r\n                                    \r\n                                <\/div>\r\n\r\n                            \r\n                            <div class=\"lae-post-content\">\r\n\r\n                                \r\n                                \r\n                            <\/div>\r\n\r\n                        <\/div><!-- .lae-post-text -->\r\n\r\n                    <\/div>\r\n\r\n                \r\n            <\/div>\r\n\r\n        \r\n    <\/article><!-- .hentry -->\r\n\r\n<\/div><!-- .lae-posts-multislider-item -->\r\n\r\n\r\n\r\n<div class=\"lae-posts-multislider-item lae-align-middle-left\">\r\n\r\n    <article id=\"post-3206\"\r\n             class=\"lae-post-entry post-3206 post type-post status-publish format-standard has-post-thumbnail hentry category-poeme-3 tag-ecrits entry\">\r\n\r\n        \r\n            \r\n            \r\n            \r\n            <div class=\"lae-post-overlay lae-post-featured-img-bg\"\r\n                 style=\"background-image: url(https:\/\/kornlebars.fr\/wp-content\/uploads\/2024\/07\/10-2.jpg); height: 100px;\">\r\n\r\n                \r\n                    <div class=\"lae-post-text-wrap\">\r\n\r\n                        <div class=\"lae-post-text\">\r\n\r\n                            \r\n                                <span class=\"lae-terms\"><a href=\"https:\/\/kornlebars.fr\/index.php\/tag\/ecrits\/\">\u00c9CRITS<\/a><\/span>\r\n                            \r\n                            \r\n                                <h3 class=\"lae-post-title\"><a href=\"https:\/\/kornlebars.fr\/index.php\/2024\/07\/23\/poeme-1-10-ecrire-dans-un-refuge-au-dela\/\" title=\"Po\u00e8me 1.10 : \u00c9crire dans un refuge au-del\u00e0.\" rel=\"bookmark\">Po\u00e8me 1.10 : \u00c9crire dans un refuge au-del\u00e0.<\/a><\/h3>\r\n                            \r\n                            \r\n                                <div class=\"lae-post-meta\">\r\n\r\n                                    \r\n                                    \r\n                                    \r\n                                <\/div>\r\n\r\n                            \r\n                            <div class=\"lae-post-content\">\r\n\r\n                                \r\n                                \r\n                            <\/div>\r\n\r\n                        <\/div><!-- .lae-post-text -->\r\n\r\n                    <\/div>\r\n\r\n                \r\n            <\/div>\r\n\r\n        \r\n    <\/article><!-- .hentry -->\r\n\r\n<\/div><!-- .lae-posts-multislider-item -->\r\n\r\n\r\n\r\n<div class=\"lae-posts-multislider-item lae-align-middle-left\">\r\n\r\n    <article id=\"post-3215\"\r\n             class=\"lae-post-entry post-3215 post type-post status-publish format-standard has-post-thumbnail hentry category-poeme-3 tag-ecrits entry\">\r\n\r\n        \r\n            \r\n            \r\n            \r\n            <div class=\"lae-post-overlay lae-post-featured-img-bg\"\r\n                 style=\"background-image: url(https:\/\/kornlebars.fr\/wp-content\/uploads\/2024\/07\/11-2.jpg); height: 100px;\">\r\n\r\n                \r\n                    <div class=\"lae-post-text-wrap\">\r\n\r\n                        <div class=\"lae-post-text\">\r\n\r\n                            \r\n                                <span class=\"lae-terms\"><a href=\"https:\/\/kornlebars.fr\/index.php\/tag\/ecrits\/\">\u00c9CRITS<\/a><\/span>\r\n                            \r\n                            \r\n                                <h3 class=\"lae-post-title\"><a href=\"https:\/\/kornlebars.fr\/index.php\/2024\/07\/23\/poeme-1-11-ecrire-dans-un-refuge-au-dela\/\" title=\"Po\u00e8me 1.11 : \u00c9crire dans un refuge au-del\u00e0.\" rel=\"bookmark\">Po\u00e8me 1.11 : \u00c9crire dans un refuge au-del\u00e0.<\/a><\/h3>\r\n                            \r\n                            \r\n                                <div class=\"lae-post-meta\">\r\n\r\n                                    \r\n                                    \r\n                                    \r\n                                <\/div>\r\n\r\n                            \r\n                            <div class=\"lae-post-content\">\r\n\r\n                                \r\n                                \r\n                            <\/div>\r\n\r\n                        <\/div><!-- .lae-post-text -->\r\n\r\n                    <\/div>\r\n\r\n                \r\n            <\/div>\r\n\r\n        \r\n    <\/article><!-- .hentry -->\r\n\r\n<\/div><!-- .lae-posts-multislider-item -->\r\n\r\n\r\n\r\n<div class=\"lae-posts-multislider-item lae-align-middle-left\">\r\n\r\n    <article id=\"post-3221\"\r\n             class=\"lae-post-entry post-3221 post type-post status-publish format-standard has-post-thumbnail hentry category-poeme-3 tag-ecrits entry\">\r\n\r\n        \r\n            \r\n            \r\n            \r\n            <div class=\"lae-post-overlay lae-post-featured-img-bg\"\r\n                 style=\"background-image: url(https:\/\/kornlebars.fr\/wp-content\/uploads\/2024\/07\/12-3.jpg); height: 100px;\">\r\n\r\n                \r\n                    <div class=\"lae-post-text-wrap\">\r\n\r\n                        <div class=\"lae-post-text\">\r\n\r\n                            \r\n                                <span class=\"lae-terms\"><a href=\"https:\/\/kornlebars.fr\/index.php\/tag\/ecrits\/\">\u00c9CRITS<\/a><\/span>\r\n                            \r\n                            \r\n                                <h3 class=\"lae-post-title\"><a href=\"https:\/\/kornlebars.fr\/index.php\/2024\/07\/23\/poeme-1-12-ecrire-dans-un-refuge-au-dela\/\" title=\"Po\u00e8me 1.12 : \u00c9crire dans un refuge au-del\u00e0.\" rel=\"bookmark\">Po\u00e8me 1.12 : \u00c9crire dans un refuge au-del\u00e0.<\/a><\/h3>\r\n                            \r\n                            \r\n                                <div class=\"lae-post-meta\">\r\n\r\n                                    \r\n                                    \r\n                                    \r\n                                <\/div>\r\n\r\n                            \r\n                            <div class=\"lae-post-content\">\r\n\r\n                                \r\n                                \r\n                            <\/div>\r\n\r\n                        <\/div><!-- .lae-post-text -->\r\n\r\n                    <\/div>\r\n\r\n                \r\n            <\/div>\r\n\r\n        \r\n    <\/article><!-- .hentry -->\r\n\r\n<\/div><!-- .lae-posts-multislider-item -->\r\n\r\n\r\n    <\/div><!-- .lae-posts-multislider -->\r\n\r\n<\/div><!-- .lae-posts-multislider-wrap -->\t\t<\/div>\n\t\t\t\t<\/div>\n\t\t\t\t\t<\/div>\n\t\t\t\t<\/div>\n\t\t\t\t<\/div>\n\t\t","protected":false},"excerpt":{"rendered":"<p>Le complot Histoire n\u00b02 \u00ab La peur nourrit l&rsquo;imagination \u00bb , Joseph Joubert. &nbsp; \u00ab Le bien et le mal ne sont pas des grandeurs parfaitement oppos\u00e9es l&rsquo;une \u00e0 l&rsquo;autre ; le bien souvent accouche du mal et la capacit\u00e9 de voir le mal en face est ce qui nous ouvre la capacit\u00e9 d&rsquo;un bien&hellip; <a class=\"more-link\" href=\"https:\/\/kornlebars.fr\/index.php\/2024\/07\/23\/poeme-1-12-ecrire-dans-un-refuge-au-dela\/\">Poursuivre la lecture <span class=\"screen-reader-text\">Po\u00e8me 1.12 : \u00c9crire dans un refuge au-del\u00e0.<\/span><\/a><\/p>\n","protected":false},"author":1,"featured_media":3223,"comment_status":"closed","ping_status":"closed","sticky":false,"template":"elementor_header_footer","format":"standard","meta":{"footnotes":""},"categories":[64],"tags":[69],"class_list":["post-3946","post","type-post","status-publish","format-standard","has-post-thumbnail","hentry","category-histoires-dramatiques-extraordinaires-et-absurdes-de-science-fiction","tag-nouvelles","entry"],"yoast_head":"<!-- This site is optimized with the Yoast SEO plugin v22.1 - https:\/\/yoast.com\/wordpress\/plugins\/seo\/ -->\n<title>Histoire n\u00b02\u00a0: Le complot. - Korn Le Bars<\/title>\n<meta name=\"robots\" content=\"index, follow, max-snippet:-1, max-image-preview:large, max-video-preview:-1\" \/>\n<link rel=\"canonical\" href=\"https:\/\/kornlebars.fr\/index.php\/2024\/07\/27\/histoire-n2-le-complot\/\" \/>\n<meta property=\"og:locale\" content=\"fr_FR\" \/>\n<meta property=\"og:type\" content=\"article\" \/>\n<meta property=\"og:title\" content=\"Histoire n\u00b02\u00a0: Le complot. - Korn Le Bars\" \/>\n<meta property=\"og:description\" content=\"Le complot Histoire n\u00b02 \u00ab La peur nourrit l&rsquo;imagination \u00bb , Joseph Joubert. &nbsp; \u00ab Le bien et le mal ne sont pas des grandeurs parfaitement oppos\u00e9es l&rsquo;une \u00e0 l&rsquo;autre ; le bien souvent accouche du mal et la capacit\u00e9 de voir le mal en face est ce qui nous ouvre la capacit\u00e9 d&rsquo;un bien&hellip; Poursuivre la lecture Po\u00e8me 1.12 : \u00c9crire dans un refuge au-del\u00e0.\" \/>\n<meta property=\"og:url\" content=\"https:\/\/kornlebars.fr\/index.php\/2024\/07\/27\/histoire-n2-le-complot\/\" \/>\n<meta property=\"og:site_name\" content=\"Korn Le Bars\" \/>\n<meta property=\"article:published_time\" content=\"2024-07-27T16:37:22+00:00\" \/>\n<meta property=\"article:modified_time\" content=\"2024-09-22T16:39:24+00:00\" \/>\n<meta property=\"og:image\" content=\"http:\/\/kornlebars.fr\/wp-content\/uploads\/2024\/07\/12-3.jpg\" \/>\n\t<meta property=\"og:image:width\" content=\"200\" \/>\n\t<meta property=\"og:image:height\" content=\"200\" \/>\n\t<meta property=\"og:image:type\" content=\"image\/jpeg\" \/>\n<meta name=\"author\" content=\"admin3941\" \/>\n<meta name=\"twitter:card\" content=\"summary_large_image\" \/>\n<meta name=\"twitter:label1\" content=\"\u00c9crit par\" \/>\n\t<meta name=\"twitter:data1\" content=\"admin3941\" \/>\n\t<meta name=\"twitter:label2\" content=\"Dur\u00e9e de lecture estim\u00e9e\" \/>\n\t<meta name=\"twitter:data2\" content=\"57 minutes\" \/>\n<script type=\"application\/ld+json\" class=\"yoast-schema-graph\">{\"@context\":\"https:\/\/schema.org\",\"@graph\":[{\"@type\":\"Article\",\"@id\":\"https:\/\/kornlebars.fr\/index.php\/2024\/07\/27\/histoire-n2-le-complot\/#article\",\"isPartOf\":{\"@id\":\"https:\/\/kornlebars.fr\/index.php\/2024\/07\/27\/histoire-n2-le-complot\/\"},\"author\":{\"name\":\"admin3941\",\"@id\":\"https:\/\/kornlebars.fr\/#\/schema\/person\/68652dfe8060d634ae2c989175cbc79a\"},\"headline\":\"Histoire n\u00b02\u00a0: Le complot.\",\"datePublished\":\"2024-07-27T16:37:22+00:00\",\"dateModified\":\"2024-09-22T16:39:24+00:00\",\"mainEntityOfPage\":{\"@id\":\"https:\/\/kornlebars.fr\/index.php\/2024\/07\/27\/histoire-n2-le-complot\/\"},\"wordCount\":13621,\"publisher\":{\"@id\":\"https:\/\/kornlebars.fr\/#organization\"},\"keywords\":[\"NOUVELLES\"],\"articleSection\":[\"Histoires dramatiques, extraordinaires, et absurdes de science-fiction.\"],\"inLanguage\":\"fr-FR\"},{\"@type\":\"WebPage\",\"@id\":\"https:\/\/kornlebars.fr\/index.php\/2024\/07\/27\/histoire-n2-le-complot\/\",\"url\":\"https:\/\/kornlebars.fr\/index.php\/2024\/07\/27\/histoire-n2-le-complot\/\",\"name\":\"Histoire n\u00b02\u00a0: Le complot. - Korn Le Bars\",\"isPartOf\":{\"@id\":\"https:\/\/kornlebars.fr\/#website\"},\"datePublished\":\"2024-07-27T16:37:22+00:00\",\"dateModified\":\"2024-09-22T16:39:24+00:00\",\"breadcrumb\":{\"@id\":\"https:\/\/kornlebars.fr\/index.php\/2024\/07\/27\/histoire-n2-le-complot\/#breadcrumb\"},\"inLanguage\":\"fr-FR\",\"potentialAction\":[{\"@type\":\"ReadAction\",\"target\":[\"https:\/\/kornlebars.fr\/index.php\/2024\/07\/27\/histoire-n2-le-complot\/\"]}]},{\"@type\":\"BreadcrumbList\",\"@id\":\"https:\/\/kornlebars.fr\/index.php\/2024\/07\/27\/histoire-n2-le-complot\/#breadcrumb\",\"itemListElement\":[{\"@type\":\"ListItem\",\"position\":1,\"name\":\"Accueil\",\"item\":\"https:\/\/kornlebars.fr\/\"},{\"@type\":\"ListItem\",\"position\":2,\"name\":\"Histoire n\u00b02\u00a0: Le complot.\"}]},{\"@type\":\"WebSite\",\"@id\":\"https:\/\/kornlebars.fr\/#website\",\"url\":\"https:\/\/kornlebars.fr\/\",\"name\":\"Korn Le Bars\",\"description\":\"Artiste - Auteur\",\"publisher\":{\"@id\":\"https:\/\/kornlebars.fr\/#organization\"},\"potentialAction\":[{\"@type\":\"SearchAction\",\"target\":{\"@type\":\"EntryPoint\",\"urlTemplate\":\"https:\/\/kornlebars.fr\/?s={search_term_string}\"},\"query-input\":\"required name=search_term_string\"}],\"inLanguage\":\"fr-FR\"},{\"@type\":\"Organization\",\"@id\":\"https:\/\/kornlebars.fr\/#organization\",\"name\":\"Korn Le Bars\",\"url\":\"https:\/\/kornlebars.fr\/\",\"logo\":{\"@type\":\"ImageObject\",\"inLanguage\":\"fr-FR\",\"@id\":\"https:\/\/kornlebars.fr\/#\/schema\/logo\/image\/\",\"url\":\"https:\/\/kornlebars.fr\/wp-content\/uploads\/2024\/02\/cropped-cropped-cropped-cropped-Plan-de-travail-11.png\",\"contentUrl\":\"https:\/\/kornlebars.fr\/wp-content\/uploads\/2024\/02\/cropped-cropped-cropped-cropped-Plan-de-travail-11.png\",\"width\":701,\"height\":598,\"caption\":\"Korn Le Bars\"},\"image\":{\"@id\":\"https:\/\/kornlebars.fr\/#\/schema\/logo\/image\/\"}},{\"@type\":\"Person\",\"@id\":\"https:\/\/kornlebars.fr\/#\/schema\/person\/68652dfe8060d634ae2c989175cbc79a\",\"name\":\"admin3941\",\"image\":{\"@type\":\"ImageObject\",\"inLanguage\":\"fr-FR\",\"@id\":\"https:\/\/kornlebars.fr\/#\/schema\/person\/image\/\",\"url\":\"https:\/\/secure.gravatar.com\/avatar\/1bb43a08730e4a5e35bd8231abd314109747ab0d2e3bffa098e2e5d78142e44d?s=96&d=mm&r=g\",\"contentUrl\":\"https:\/\/secure.gravatar.com\/avatar\/1bb43a08730e4a5e35bd8231abd314109747ab0d2e3bffa098e2e5d78142e44d?s=96&d=mm&r=g\",\"caption\":\"admin3941\"},\"sameAs\":[\"http:\/\/kornlebars.fr\"],\"url\":\"https:\/\/kornlebars.fr\/index.php\/author\/admin3941\/\"}]}<\/script>\n<!-- \/ Yoast SEO plugin. -->","yoast_head_json":{"title":"Histoire n\u00b02\u00a0: Le complot. - Korn Le Bars","robots":{"index":"index","follow":"follow","max-snippet":"max-snippet:-1","max-image-preview":"max-image-preview:large","max-video-preview":"max-video-preview:-1"},"canonical":"https:\/\/kornlebars.fr\/index.php\/2024\/07\/27\/histoire-n2-le-complot\/","og_locale":"fr_FR","og_type":"article","og_title":"Histoire n\u00b02\u00a0: Le complot. - Korn Le Bars","og_description":"Le complot Histoire n\u00b02 \u00ab La peur nourrit l&rsquo;imagination \u00bb , Joseph Joubert. &nbsp; \u00ab Le bien et le mal ne sont pas des grandeurs parfaitement oppos\u00e9es l&rsquo;une \u00e0 l&rsquo;autre ; le bien souvent accouche du mal et la capacit\u00e9 de voir le mal en face est ce qui nous ouvre la capacit\u00e9 d&rsquo;un bien&hellip; Poursuivre la lecture Po\u00e8me 1.12 : \u00c9crire dans un refuge au-del\u00e0.","og_url":"https:\/\/kornlebars.fr\/index.php\/2024\/07\/27\/histoire-n2-le-complot\/","og_site_name":"Korn Le Bars","article_published_time":"2024-07-27T16:37:22+00:00","article_modified_time":"2024-09-22T16:39:24+00:00","og_image":[{"width":200,"height":200,"url":"http:\/\/kornlebars.fr\/wp-content\/uploads\/2024\/07\/12-3.jpg","type":"image\/jpeg"}],"author":"admin3941","twitter_card":"summary_large_image","twitter_misc":{"\u00c9crit par":"admin3941","Dur\u00e9e de lecture estim\u00e9e":"57 minutes"},"schema":{"@context":"https:\/\/schema.org","@graph":[{"@type":"Article","@id":"https:\/\/kornlebars.fr\/index.php\/2024\/07\/27\/histoire-n2-le-complot\/#article","isPartOf":{"@id":"https:\/\/kornlebars.fr\/index.php\/2024\/07\/27\/histoire-n2-le-complot\/"},"author":{"name":"admin3941","@id":"https:\/\/kornlebars.fr\/#\/schema\/person\/68652dfe8060d634ae2c989175cbc79a"},"headline":"Histoire n\u00b02\u00a0: Le complot.","datePublished":"2024-07-27T16:37:22+00:00","dateModified":"2024-09-22T16:39:24+00:00","mainEntityOfPage":{"@id":"https:\/\/kornlebars.fr\/index.php\/2024\/07\/27\/histoire-n2-le-complot\/"},"wordCount":13621,"publisher":{"@id":"https:\/\/kornlebars.fr\/#organization"},"keywords":["NOUVELLES"],"articleSection":["Histoires dramatiques, extraordinaires, et absurdes de science-fiction."],"inLanguage":"fr-FR"},{"@type":"WebPage","@id":"https:\/\/kornlebars.fr\/index.php\/2024\/07\/27\/histoire-n2-le-complot\/","url":"https:\/\/kornlebars.fr\/index.php\/2024\/07\/27\/histoire-n2-le-complot\/","name":"Histoire n\u00b02\u00a0: Le complot. - Korn Le Bars","isPartOf":{"@id":"https:\/\/kornlebars.fr\/#website"},"datePublished":"2024-07-27T16:37:22+00:00","dateModified":"2024-09-22T16:39:24+00:00","breadcrumb":{"@id":"https:\/\/kornlebars.fr\/index.php\/2024\/07\/27\/histoire-n2-le-complot\/#breadcrumb"},"inLanguage":"fr-FR","potentialAction":[{"@type":"ReadAction","target":["https:\/\/kornlebars.fr\/index.php\/2024\/07\/27\/histoire-n2-le-complot\/"]}]},{"@type":"BreadcrumbList","@id":"https:\/\/kornlebars.fr\/index.php\/2024\/07\/27\/histoire-n2-le-complot\/#breadcrumb","itemListElement":[{"@type":"ListItem","position":1,"name":"Accueil","item":"https:\/\/kornlebars.fr\/"},{"@type":"ListItem","position":2,"name":"Histoire n\u00b02\u00a0: Le complot."}]},{"@type":"WebSite","@id":"https:\/\/kornlebars.fr\/#website","url":"https:\/\/kornlebars.fr\/","name":"Korn Le Bars","description":"Artiste - Auteur","publisher":{"@id":"https:\/\/kornlebars.fr\/#organization"},"potentialAction":[{"@type":"SearchAction","target":{"@type":"EntryPoint","urlTemplate":"https:\/\/kornlebars.fr\/?s={search_term_string}"},"query-input":"required name=search_term_string"}],"inLanguage":"fr-FR"},{"@type":"Organization","@id":"https:\/\/kornlebars.fr\/#organization","name":"Korn Le Bars","url":"https:\/\/kornlebars.fr\/","logo":{"@type":"ImageObject","inLanguage":"fr-FR","@id":"https:\/\/kornlebars.fr\/#\/schema\/logo\/image\/","url":"https:\/\/kornlebars.fr\/wp-content\/uploads\/2024\/02\/cropped-cropped-cropped-cropped-Plan-de-travail-11.png","contentUrl":"https:\/\/kornlebars.fr\/wp-content\/uploads\/2024\/02\/cropped-cropped-cropped-cropped-Plan-de-travail-11.png","width":701,"height":598,"caption":"Korn Le Bars"},"image":{"@id":"https:\/\/kornlebars.fr\/#\/schema\/logo\/image\/"}},{"@type":"Person","@id":"https:\/\/kornlebars.fr\/#\/schema\/person\/68652dfe8060d634ae2c989175cbc79a","name":"admin3941","image":{"@type":"ImageObject","inLanguage":"fr-FR","@id":"https:\/\/kornlebars.fr\/#\/schema\/person\/image\/","url":"https:\/\/secure.gravatar.com\/avatar\/1bb43a08730e4a5e35bd8231abd314109747ab0d2e3bffa098e2e5d78142e44d?s=96&d=mm&r=g","contentUrl":"https:\/\/secure.gravatar.com\/avatar\/1bb43a08730e4a5e35bd8231abd314109747ab0d2e3bffa098e2e5d78142e44d?s=96&d=mm&r=g","caption":"admin3941"},"sameAs":["http:\/\/kornlebars.fr"],"url":"https:\/\/kornlebars.fr\/index.php\/author\/admin3941\/"}]}},"_links":{"self":[{"href":"https:\/\/kornlebars.fr\/index.php\/wp-json\/wp\/v2\/posts\/3946","targetHints":{"allow":["GET"]}}],"collection":[{"href":"https:\/\/kornlebars.fr\/index.php\/wp-json\/wp\/v2\/posts"}],"about":[{"href":"https:\/\/kornlebars.fr\/index.php\/wp-json\/wp\/v2\/types\/post"}],"author":[{"embeddable":true,"href":"https:\/\/kornlebars.fr\/index.php\/wp-json\/wp\/v2\/users\/1"}],"replies":[{"embeddable":true,"href":"https:\/\/kornlebars.fr\/index.php\/wp-json\/wp\/v2\/comments?post=3946"}],"version-history":[{"count":11,"href":"https:\/\/kornlebars.fr\/index.php\/wp-json\/wp\/v2\/posts\/3946\/revisions"}],"predecessor-version":[{"id":4939,"href":"https:\/\/kornlebars.fr\/index.php\/wp-json\/wp\/v2\/posts\/3946\/revisions\/4939"}],"wp:featuredmedia":[{"embeddable":true,"href":"https:\/\/kornlebars.fr\/index.php\/wp-json\/wp\/v2\/media\/3223"}],"wp:attachment":[{"href":"https:\/\/kornlebars.fr\/index.php\/wp-json\/wp\/v2\/media?parent=3946"}],"wp:term":[{"taxonomy":"category","embeddable":true,"href":"https:\/\/kornlebars.fr\/index.php\/wp-json\/wp\/v2\/categories?post=3946"},{"taxonomy":"post_tag","embeddable":true,"href":"https:\/\/kornlebars.fr\/index.php\/wp-json\/wp\/v2\/tags?post=3946"}],"curies":[{"name":"wp","href":"https:\/\/api.w.org\/{rel}","templated":true}]}}